{"id":106363,"date":"2026-03-17T13:14:54","date_gmt":"2026-03-17T12:14:54","guid":{"rendered":"https:\/\/muzeumwarszawy.pl\/?p=106363"},"modified":"2026-03-17T14:19:59","modified_gmt":"2026-03-17T13:19:59","slug":"aleksander-minorski-photography-as-intervention-audio-guide","status":"publish","type":"post","link":"https:\/\/muzeumwarszawy.pl\/en\/aleksander-minorski-photography-as-intervention-audio-guide\/","title":{"rendered":"Aleksander Minorski. Photography as Intervention \u2013 audio guide"},"content":{"rendered":"\n<p>The audio guide&nbsp;accompanying&nbsp;the exhibition&nbsp;\u201c<a href=\"https:\/\/muzeumwarszawy.pl\/en\/wystawa\/aleksander-minorski-photography-as-intervention\/\">Aleksander&nbsp;Minorski. Photography as Intervention<\/a>\u201d&nbsp;helps deepen the understanding of the works on display and the context of the artist\u2019s practice. It can be listened to while visiting the exhibition&nbsp;or at&nbsp;any time,&nbsp;as a standalone narrative about socially engaged photography and the world documented by&nbsp;Minorski.&nbsp;&nbsp;<\/p>\n\n\n\n<p>Available on: <a href=\"https:\/\/www.spreaker.com\/podcast\/photography-as-intervention--6912708\">Spreaker<\/a>, <a href=\"https:\/\/open.spotify.com\/show\/2UBN1kkP0PWwC57hamOsAJ\">Spotify<\/a>, <a href=\"https:\/\/www.youtube.com\/playlist?list=PLLx0CbmwjjN6pxUhDox4-ELNr1_OuDNpe\">YouTube<\/a>.<\/p>\n\n\n<iframe src=\"https:\/\/widget.spreaker.com\/player?episode_id=70681863&amp;theme=light&amp;playlist=show&amp;playlist-continuous=true&amp;chapters-image=true&amp;episode_image_position=right&amp;hide-likes=true&amp;hide-comments=true&amp;hide-sharing=false&amp;hide-logo=true&amp;hide-download=true\" width=\"100%\" height=\"350px\" frameborder=\"0\"><\/iframe>\n\n\n\n<div style=\"height:20px\" aria-hidden=\"true\" class=\"wp-block-spacer\"><\/div>\n\n\n\n<h2 class=\"wp-block-heading\">Episode transcripts<\/h2>\n\n\n\n<ul class=\"wp-block-list\">\n<li><a href=\"https:\/\/muzeumwarszawy.pl\/wp-content\/uploads\/2026\/03\/Introduction-to-the-exhibition-\u201eAleksander-Minorski.-Photography-as-Intervention.docx\">Introduction\u00a0to the exhibition<\/a> (docx. 25KB)<\/li>\n\n\n\n<li><a href=\"https:\/\/muzeumwarszawy.pl\/wp-content\/uploads\/2026\/03\/Room-One-\u2013-The-time-before-the-storm.docx\">Room\u00a01\u00a0\u2013 The\u00a0time before the storm<\/a> (docx. 25KB)<\/li>\n\n\n\n<li><a href=\"https:\/\/muzeumwarszawy.pl\/wp-content\/uploads\/2026\/03\/Room-Two-\u2013-an-original-film-by-Magdalena-Hueckel-and-Tomasz-Sliwinski.docx\">Room 2\u00a0\u2013\u00a0film by\u00a0Magdalena\u00a0Hueckel\u00a0and\u00a0Tomasz\u00a0\u015aliwi\u0144ski<\/a> (docx. 25KB)<\/li>\n\n\n\n<li><a href=\"http:\/\/v\">Room 3\u00a0\u2013\u00a0From survey photography to native photography<\/a> (docx. 25KB)<\/li>\n\n\n\n<li><a href=\"https:\/\/muzeumwarszawy.pl\/wp-content\/uploads\/2026\/03\/Room-Four-\u2013-The-Fortune-and-Misfortune-of-Our-Children.docx\">Room 4\u00a0\u2013\u00a0The fortune and misfortune of our children<\/a> (docx. 25KB)<\/li>\n\n\n\n<li><a href=\"https:\/\/muzeumwarszawy.pl\/wp-content\/uploads\/2026\/03\/Room-Five-\u2013-Homecoming.docx\">Room 5\u00a0\u2013\u00a0Homecoming<\/a> (docx. 25KB)<\/li>\n\n\n\n<li><a href=\"https:\/\/muzeumwarszawy.pl\/wp-content\/uploads\/2026\/03\/Room-Six-\u2013-The-future-is-more-important-than-the-past.docx\">Room 6\u00a0\u2013\u00a0The future is more important than the past<\/a> (docx. 25KB)<\/li>\n<\/ul>\n\n\n\n<figure class=\"wp-block-image size-large\"><img fetchpriority=\"high\" decoding=\"async\" width=\"1920\" height=\"557\" src=\"https:\/\/muzeumwarszawy.pl\/wp-content\/uploads\/2026\/02\/logotypy-belka-1920x557.jpg\" alt=\"\" class=\"wp-image-105853\" srcset=\"https:\/\/muzeumwarszawy.pl\/wp-content\/uploads\/2026\/02\/logotypy-belka-1920x557.jpg 1920w, https:\/\/muzeumwarszawy.pl\/wp-content\/uploads\/2026\/02\/logotypy-belka-300x87.jpg 300w, https:\/\/muzeumwarszawy.pl\/wp-content\/uploads\/2026\/02\/logotypy-belka-768x223.jpg 768w, https:\/\/muzeumwarszawy.pl\/wp-content\/uploads\/2026\/02\/logotypy-belka-1536x446.jpg 1536w, https:\/\/muzeumwarszawy.pl\/wp-content\/uploads\/2026\/02\/logotypy-belka-2048x595.jpg 2048w, https:\/\/muzeumwarszawy.pl\/wp-content\/uploads\/2026\/02\/logotypy-belka-650x189.jpg 650w\" sizes=\"(max-width: 1920px) 100vw, 1920px\" \/><\/figure>\n","protected":false},"excerpt":{"rendered":"<p>The audio guide&nbsp;accompanying&nbsp;the exhibition&nbsp;\u201cAleksander&nbsp;Minorski. Photography as Intervention\u201d&nbsp;helps deepen the understanding of the works on display and the context of the artist\u2019s practice. It can be listened to while visiting the exhibition&nbsp;or at&nbsp;any time,&nbsp;as a standalone narrative about socially engaged photography and the world documented by&nbsp;Minorski.&nbsp;&nbsp; Available on: Spreaker, Spotify, YouTube. Episode transcripts<\/p>\n","protected":false},"author":5,"featured_media":105850,"comment_status":"closed","ping_status":"closed","sticky":false,"template":"","format":"standard","meta":{"_acf_changed":false,"footnotes":""},"categories":[100],"tags":[],"class_list":["post-106363","post","type-post","status-publish","format-standard","has-post-thumbnail","hentry","category-aktualnosci-en"],"acf":[],"yoast_head":"<!-- This site is optimized with the Yoast SEO plugin v27.3 - https:\/\/yoast.com\/product\/yoast-seo-wordpress\/ -->\n<title>Aleksander Minorski. Photography as Intervention \u2013 audio guide | Muzeum Warszawy<\/title>\n<meta name=\"description\" content=\"The audio guide\u00a0accompanying\u00a0the exhibition\u00a0\u201cAleksander\u00a0Minorski. Photography as Intervention\u201d\u00a0helps deepen the understanding of the works on display and the context of the artist\u2019s practice.\" \/>\n<meta name=\"robots\" content=\"index, follow, max-snippet:-1, max-image-preview:large, max-video-preview:-1\" \/>\n<link rel=\"canonical\" href=\"https:\/\/muzeumwarszawy.pl\/en\/aleksander-minorski-photography-as-intervention-audio-guide\/\" \/>\n<meta property=\"og:locale\" content=\"en_US\" \/>\n<meta property=\"og:type\" content=\"article\" \/>\n<meta property=\"og:title\" content=\"Aleksander Minorski. Photography as Intervention \u2013 audio guide | Muzeum Warszawy\" \/>\n<meta property=\"og:description\" content=\"The audio guide\u00a0accompanying\u00a0the exhibition\u00a0\u201cAleksander\u00a0Minorski. Photography as Intervention\u201d\u00a0helps deepen the understanding of the works on display and the context of the artist\u2019s practice.\" \/>\n<meta property=\"og:url\" content=\"https:\/\/muzeumwarszawy.pl\/en\/aleksander-minorski-photography-as-intervention-audio-guide\/\" \/>\n<meta property=\"og:site_name\" content=\"Muzeum Warszawy\" \/>\n<meta property=\"article:publisher\" content=\"https:\/\/www.facebook.com\/muzeum.warszawy\/\" \/>\n<meta property=\"article:published_time\" content=\"2026-03-17T12:14:54+00:00\" \/>\n<meta property=\"article:modified_time\" content=\"2026-03-17T13:19:59+00:00\" \/>\n<meta property=\"og:image\" content=\"https:\/\/muzeumwarszawy.pl\/wp-content\/uploads\/2026\/02\/MINORSKI_www_AKTUALNOSCI-scaled.jpg\" \/>\n\t<meta property=\"og:image:width\" content=\"2560\" \/>\n\t<meta property=\"og:image:height\" content=\"1713\" \/>\n\t<meta property=\"og:image:type\" content=\"image\/jpeg\" \/>\n<meta name=\"author\" content=\"mwadmin\" \/>\n<meta name=\"twitter:card\" content=\"summary_large_image\" \/>\n<meta name=\"twitter:creator\" content=\"@muzeumwarszawy\" \/>\n<meta name=\"twitter:site\" content=\"@muzeumwarszawy\" \/>\n<meta name=\"twitter:label1\" content=\"Written by\" \/>\n\t<meta name=\"twitter:data1\" content=\"mwadmin\" \/>\n\t<meta name=\"twitter:label2\" content=\"Est. reading time\" \/>\n\t<meta name=\"twitter:data2\" content=\"2 minutes\" \/>\n<script type=\"application\/ld+json\" class=\"yoast-schema-graph\">{\"@context\":\"https:\\\/\\\/schema.org\",\"@graph\":[{\"@type\":\"Article\",\"@id\":\"https:\\\/\\\/muzeumwarszawy.pl\\\/en\\\/aleksander-minorski-photography-as-intervention-audio-guide\\\/#article\",\"isPartOf\":{\"@id\":\"https:\\\/\\\/muzeumwarszawy.pl\\\/en\\\/aleksander-minorski-photography-as-intervention-audio-guide\\\/\"},\"author\":{\"name\":\"mwadmin\",\"@id\":\"https:\\\/\\\/muzeumwarszawy.pl\\\/#\\\/schema\\\/person\\\/dab10ff664ee014cab96a3e0dfc32801\"},\"headline\":\"Aleksander Minorski. Photography as Intervention \u2013 audio guide\",\"datePublished\":\"2026-03-17T12:14:54+00:00\",\"dateModified\":\"2026-03-17T13:19:59+00:00\",\"mainEntityOfPage\":{\"@id\":\"https:\\\/\\\/muzeumwarszawy.pl\\\/en\\\/aleksander-minorski-photography-as-intervention-audio-guide\\\/\"},\"wordCount\":172,\"publisher\":{\"@id\":\"https:\\\/\\\/muzeumwarszawy.pl\\\/#organization\"},\"image\":{\"@id\":\"https:\\\/\\\/muzeumwarszawy.pl\\\/en\\\/aleksander-minorski-photography-as-intervention-audio-guide\\\/#primaryimage\"},\"thumbnailUrl\":\"https:\\\/\\\/muzeumwarszawy.pl\\\/wp-content\\\/uploads\\\/2026\\\/02\\\/MINORSKI_www_AKTUALNOSCI-scaled.jpg\",\"articleSection\":[\"News\"],\"inLanguage\":\"en-US\"},{\"@type\":\"WebPage\",\"@id\":\"https:\\\/\\\/muzeumwarszawy.pl\\\/en\\\/aleksander-minorski-photography-as-intervention-audio-guide\\\/\",\"url\":\"https:\\\/\\\/muzeumwarszawy.pl\\\/en\\\/aleksander-minorski-photography-as-intervention-audio-guide\\\/\",\"name\":\"Aleksander Minorski. Photography as Intervention \u2013 audio guide | Muzeum Warszawy\",\"isPartOf\":{\"@id\":\"https:\\\/\\\/muzeumwarszawy.pl\\\/#website\"},\"primaryImageOfPage\":{\"@id\":\"https:\\\/\\\/muzeumwarszawy.pl\\\/en\\\/aleksander-minorski-photography-as-intervention-audio-guide\\\/#primaryimage\"},\"image\":{\"@id\":\"https:\\\/\\\/muzeumwarszawy.pl\\\/en\\\/aleksander-minorski-photography-as-intervention-audio-guide\\\/#primaryimage\"},\"thumbnailUrl\":\"https:\\\/\\\/muzeumwarszawy.pl\\\/wp-content\\\/uploads\\\/2026\\\/02\\\/MINORSKI_www_AKTUALNOSCI-scaled.jpg\",\"datePublished\":\"2026-03-17T12:14:54+00:00\",\"dateModified\":\"2026-03-17T13:19:59+00:00\",\"description\":\"The audio guide\u00a0accompanying\u00a0the exhibition\u00a0\u201cAleksander\u00a0Minorski. Photography as Intervention\u201d\u00a0helps deepen the understanding of the works on display and the context of the artist\u2019s practice.\",\"breadcrumb\":{\"@id\":\"https:\\\/\\\/muzeumwarszawy.pl\\\/en\\\/aleksander-minorski-photography-as-intervention-audio-guide\\\/#breadcrumb\"},\"inLanguage\":\"en-US\",\"potentialAction\":[{\"@type\":\"ReadAction\",\"target\":[\"https:\\\/\\\/muzeumwarszawy.pl\\\/en\\\/aleksander-minorski-photography-as-intervention-audio-guide\\\/\"]}]},{\"@type\":\"ImageObject\",\"inLanguage\":\"en-US\",\"@id\":\"https:\\\/\\\/muzeumwarszawy.pl\\\/en\\\/aleksander-minorski-photography-as-intervention-audio-guide\\\/#primaryimage\",\"url\":\"https:\\\/\\\/muzeumwarszawy.pl\\\/wp-content\\\/uploads\\\/2026\\\/02\\\/MINORSKI_www_AKTUALNOSCI-scaled.jpg\",\"contentUrl\":\"https:\\\/\\\/muzeumwarszawy.pl\\\/wp-content\\\/uploads\\\/2026\\\/02\\\/MINORSKI_www_AKTUALNOSCI-scaled.jpg\",\"width\":2560,\"height\":1713},{\"@type\":\"BreadcrumbList\",\"@id\":\"https:\\\/\\\/muzeumwarszawy.pl\\\/en\\\/aleksander-minorski-photography-as-intervention-audio-guide\\\/#breadcrumb\",\"itemListElement\":[{\"@type\":\"ListItem\",\"position\":1,\"name\":\"Home\",\"item\":\"https:\\\/\\\/muzeumwarszawy.pl\\\/en\\\/\"},{\"@type\":\"ListItem\",\"position\":2,\"name\":\"Aleksander Minorski. Photography as Intervention \u2013 audio guide\"}]},{\"@type\":\"WebSite\",\"@id\":\"https:\\\/\\\/muzeumwarszawy.pl\\\/#website\",\"url\":\"https:\\\/\\\/muzeumwarszawy.pl\\\/\",\"name\":\"Muzeum Warszawy\",\"description\":\"Od 80 lat misj\u0105 Muzeum Warszawy jest gromadzenie, przechowywanie, opracowywanie i udost\u0119pnianie zbior\u00f3w zwi\u0105zanych z Warszaw\u0105. Prowadz\u0105c dzia\u0142alno\u015b\u0107 wystawiennicz\u0105, badawcz\u0105, wydawnicz\u0105, edukacyjn\u0105 oraz kulturaln\u0105, muzeum towarzyszy odbiorcom w poznawaniu fenomenu Warszawy.\",\"publisher\":{\"@id\":\"https:\\\/\\\/muzeumwarszawy.pl\\\/#organization\"},\"potentialAction\":[{\"@type\":\"SearchAction\",\"target\":{\"@type\":\"EntryPoint\",\"urlTemplate\":\"https:\\\/\\\/muzeumwarszawy.pl\\\/?s={search_term_string}\"},\"query-input\":{\"@type\":\"PropertyValueSpecification\",\"valueRequired\":true,\"valueName\":\"search_term_string\"}}],\"inLanguage\":\"en-US\"},{\"@type\":\"Organization\",\"@id\":\"https:\\\/\\\/muzeumwarszawy.pl\\\/#organization\",\"name\":\"Muzeum Warszawy\",\"url\":\"https:\\\/\\\/muzeumwarszawy.pl\\\/\",\"logo\":{\"@type\":\"ImageObject\",\"inLanguage\":\"en-US\",\"@id\":\"https:\\\/\\\/muzeumwarszawy.pl\\\/#\\\/schema\\\/logo\\\/image\\\/\",\"url\":\"https:\\\/\\\/muzeumwarszawy.pl\\\/wp-content\\\/uploads\\\/2019\\\/09\\\/mw_logo.png\",\"contentUrl\":\"https:\\\/\\\/muzeumwarszawy.pl\\\/wp-content\\\/uploads\\\/2019\\\/09\\\/mw_logo.png\",\"width\":900,\"height\":900,\"caption\":\"Muzeum Warszawy\"},\"image\":{\"@id\":\"https:\\\/\\\/muzeumwarszawy.pl\\\/#\\\/schema\\\/logo\\\/image\\\/\"},\"sameAs\":[\"https:\\\/\\\/www.facebook.com\\\/muzeum.warszawy\\\/\",\"https:\\\/\\\/x.com\\\/muzeumwarszawy\",\"https:\\\/\\\/www.instagram.com\\\/muzeumwarszawy\\\/\",\"https:\\\/\\\/www.youtube.com\\\/channel\\\/UCcpFm6UFnUofszAU6bSGEng\\\/featured\",\"https:\\\/\\\/pl.wikipedia.org\\\/wiki\\\/Muzeum_Warszawy\"]},{\"@type\":\"Person\",\"@id\":\"https:\\\/\\\/muzeumwarszawy.pl\\\/#\\\/schema\\\/person\\\/dab10ff664ee014cab96a3e0dfc32801\",\"name\":\"mwadmin\",\"url\":\"https:\\\/\\\/muzeumwarszawy.pl\\\/en\\\/author\\\/mwadmin\\\/\"}]}<\/script>\n<!-- \/ Yoast SEO plugin. -->","yoast_head_json":{"title":"Aleksander Minorski. Photography as Intervention \u2013 audio guide | Muzeum Warszawy","description":"The audio guide\u00a0accompanying\u00a0the exhibition\u00a0\u201cAleksander\u00a0Minorski. Photography as Intervention\u201d\u00a0helps deepen the understanding of the works on display and the context of the artist\u2019s practice.","robots":{"index":"index","follow":"follow","max-snippet":"max-snippet:-1","max-image-preview":"max-image-preview:large","max-video-preview":"max-video-preview:-1"},"canonical":"https:\/\/muzeumwarszawy.pl\/en\/aleksander-minorski-photography-as-intervention-audio-guide\/","og_locale":"en_US","og_type":"article","og_title":"Aleksander Minorski. Photography as Intervention \u2013 audio guide | Muzeum Warszawy","og_description":"The audio guide\u00a0accompanying\u00a0the exhibition\u00a0\u201cAleksander\u00a0Minorski. Photography as Intervention\u201d\u00a0helps deepen the understanding of the works on display and the context of the artist\u2019s practice.","og_url":"https:\/\/muzeumwarszawy.pl\/en\/aleksander-minorski-photography-as-intervention-audio-guide\/","og_site_name":"Muzeum Warszawy","article_publisher":"https:\/\/www.facebook.com\/muzeum.warszawy\/","article_published_time":"2026-03-17T12:14:54+00:00","article_modified_time":"2026-03-17T13:19:59+00:00","og_image":[{"width":2560,"height":1713,"url":"https:\/\/muzeumwarszawy.pl\/wp-content\/uploads\/2026\/02\/MINORSKI_www_AKTUALNOSCI-scaled.jpg","type":"image\/jpeg"}],"author":"mwadmin","twitter_card":"summary_large_image","twitter_creator":"@muzeumwarszawy","twitter_site":"@muzeumwarszawy","twitter_misc":{"Written by":"mwadmin","Est. reading time":"2 minutes"},"schema":{"@context":"https:\/\/schema.org","@graph":[{"@type":"Article","@id":"https:\/\/muzeumwarszawy.pl\/en\/aleksander-minorski-photography-as-intervention-audio-guide\/#article","isPartOf":{"@id":"https:\/\/muzeumwarszawy.pl\/en\/aleksander-minorski-photography-as-intervention-audio-guide\/"},"author":{"name":"mwadmin","@id":"https:\/\/muzeumwarszawy.pl\/#\/schema\/person\/dab10ff664ee014cab96a3e0dfc32801"},"headline":"Aleksander Minorski. Photography as Intervention \u2013 audio guide","datePublished":"2026-03-17T12:14:54+00:00","dateModified":"2026-03-17T13:19:59+00:00","mainEntityOfPage":{"@id":"https:\/\/muzeumwarszawy.pl\/en\/aleksander-minorski-photography-as-intervention-audio-guide\/"},"wordCount":172,"publisher":{"@id":"https:\/\/muzeumwarszawy.pl\/#organization"},"image":{"@id":"https:\/\/muzeumwarszawy.pl\/en\/aleksander-minorski-photography-as-intervention-audio-guide\/#primaryimage"},"thumbnailUrl":"https:\/\/muzeumwarszawy.pl\/wp-content\/uploads\/2026\/02\/MINORSKI_www_AKTUALNOSCI-scaled.jpg","articleSection":["News"],"inLanguage":"en-US"},{"@type":"WebPage","@id":"https:\/\/muzeumwarszawy.pl\/en\/aleksander-minorski-photography-as-intervention-audio-guide\/","url":"https:\/\/muzeumwarszawy.pl\/en\/aleksander-minorski-photography-as-intervention-audio-guide\/","name":"Aleksander Minorski. Photography as Intervention \u2013 audio guide | Muzeum Warszawy","isPartOf":{"@id":"https:\/\/muzeumwarszawy.pl\/#website"},"primaryImageOfPage":{"@id":"https:\/\/muzeumwarszawy.pl\/en\/aleksander-minorski-photography-as-intervention-audio-guide\/#primaryimage"},"image":{"@id":"https:\/\/muzeumwarszawy.pl\/en\/aleksander-minorski-photography-as-intervention-audio-guide\/#primaryimage"},"thumbnailUrl":"https:\/\/muzeumwarszawy.pl\/wp-content\/uploads\/2026\/02\/MINORSKI_www_AKTUALNOSCI-scaled.jpg","datePublished":"2026-03-17T12:14:54+00:00","dateModified":"2026-03-17T13:19:59+00:00","description":"The audio guide\u00a0accompanying\u00a0the exhibition\u00a0\u201cAleksander\u00a0Minorski. Photography as Intervention\u201d\u00a0helps deepen the understanding of the works on display and the context of the artist\u2019s practice.","breadcrumb":{"@id":"https:\/\/muzeumwarszawy.pl\/en\/aleksander-minorski-photography-as-intervention-audio-guide\/#breadcrumb"},"inLanguage":"en-US","potentialAction":[{"@type":"ReadAction","target":["https:\/\/muzeumwarszawy.pl\/en\/aleksander-minorski-photography-as-intervention-audio-guide\/"]}]},{"@type":"ImageObject","inLanguage":"en-US","@id":"https:\/\/muzeumwarszawy.pl\/en\/aleksander-minorski-photography-as-intervention-audio-guide\/#primaryimage","url":"https:\/\/muzeumwarszawy.pl\/wp-content\/uploads\/2026\/02\/MINORSKI_www_AKTUALNOSCI-scaled.jpg","contentUrl":"https:\/\/muzeumwarszawy.pl\/wp-content\/uploads\/2026\/02\/MINORSKI_www_AKTUALNOSCI-scaled.jpg","width":2560,"height":1713},{"@type":"BreadcrumbList","@id":"https:\/\/muzeumwarszawy.pl\/en\/aleksander-minorski-photography-as-intervention-audio-guide\/#breadcrumb","itemListElement":[{"@type":"ListItem","position":1,"name":"Home","item":"https:\/\/muzeumwarszawy.pl\/en\/"},{"@type":"ListItem","position":2,"name":"Aleksander Minorski. Photography as Intervention \u2013 audio guide"}]},{"@type":"WebSite","@id":"https:\/\/muzeumwarszawy.pl\/#website","url":"https:\/\/muzeumwarszawy.pl\/","name":"Muzeum Warszawy","description":"Od 80 lat misj\u0105 Muzeum Warszawy jest gromadzenie, przechowywanie, opracowywanie i udost\u0119pnianie zbior\u00f3w zwi\u0105zanych z Warszaw\u0105. Prowadz\u0105c dzia\u0142alno\u015b\u0107 wystawiennicz\u0105, badawcz\u0105, wydawnicz\u0105, edukacyjn\u0105 oraz kulturaln\u0105, muzeum towarzyszy odbiorcom w poznawaniu fenomenu Warszawy.","publisher":{"@id":"https:\/\/muzeumwarszawy.pl\/#organization"},"potentialAction":[{"@type":"SearchAction","target":{"@type":"EntryPoint","urlTemplate":"https:\/\/muzeumwarszawy.pl\/?s={search_term_string}"},"query-input":{"@type":"PropertyValueSpecification","valueRequired":true,"valueName":"search_term_string"}}],"inLanguage":"en-US"},{"@type":"Organization","@id":"https:\/\/muzeumwarszawy.pl\/#organization","name":"Muzeum Warszawy","url":"https:\/\/muzeumwarszawy.pl\/","logo":{"@type":"ImageObject","inLanguage":"en-US","@id":"https:\/\/muzeumwarszawy.pl\/#\/schema\/logo\/image\/","url":"https:\/\/muzeumwarszawy.pl\/wp-content\/uploads\/2019\/09\/mw_logo.png","contentUrl":"https:\/\/muzeumwarszawy.pl\/wp-content\/uploads\/2019\/09\/mw_logo.png","width":900,"height":900,"caption":"Muzeum Warszawy"},"image":{"@id":"https:\/\/muzeumwarszawy.pl\/#\/schema\/logo\/image\/"},"sameAs":["https:\/\/www.facebook.com\/muzeum.warszawy\/","https:\/\/x.com\/muzeumwarszawy","https:\/\/www.instagram.com\/muzeumwarszawy\/","https:\/\/www.youtube.com\/channel\/UCcpFm6UFnUofszAU6bSGEng\/featured","https:\/\/pl.wikipedia.org\/wiki\/Muzeum_Warszawy"]},{"@type":"Person","@id":"https:\/\/muzeumwarszawy.pl\/#\/schema\/person\/dab10ff664ee014cab96a3e0dfc32801","name":"mwadmin","url":"https:\/\/muzeumwarszawy.pl\/en\/author\/mwadmin\/"}]}},"_links":{"self":[{"href":"https:\/\/muzeumwarszawy.pl\/en\/wp-json\/wp\/v2\/posts\/106363","targetHints":{"allow":["GET"]}}],"collection":[{"href":"https:\/\/muzeumwarszawy.pl\/en\/wp-json\/wp\/v2\/posts"}],"about":[{"href":"https:\/\/muzeumwarszawy.pl\/en\/wp-json\/wp\/v2\/types\/post"}],"author":[{"embeddable":true,"href":"https:\/\/muzeumwarszawy.pl\/en\/wp-json\/wp\/v2\/users\/5"}],"replies":[{"embeddable":true,"href":"https:\/\/muzeumwarszawy.pl\/en\/wp-json\/wp\/v2\/comments?post=106363"}],"version-history":[{"count":3,"href":"https:\/\/muzeumwarszawy.pl\/en\/wp-json\/wp\/v2\/posts\/106363\/revisions"}],"predecessor-version":[{"id":106403,"href":"https:\/\/muzeumwarszawy.pl\/en\/wp-json\/wp\/v2\/posts\/106363\/revisions\/106403"}],"wp:featuredmedia":[{"embeddable":true,"href":"https:\/\/muzeumwarszawy.pl\/en\/wp-json\/wp\/v2\/media\/105850"}],"wp:attachment":[{"href":"https:\/\/muzeumwarszawy.pl\/en\/wp-json\/wp\/v2\/media?parent=106363"}],"wp:term":[{"taxonomy":"category","embeddable":true,"href":"https:\/\/muzeumwarszawy.pl\/en\/wp-json\/wp\/v2\/categories?post=106363"},{"taxonomy":"post_tag","embeddable":true,"href":"https:\/\/muzeumwarszawy.pl\/en\/wp-json\/wp\/v2\/tags?post=106363"}],"curies":[{"name":"wp","href":"https:\/\/api.w.org\/{rel}","templated":true}]}}