{"id":53740,"date":"2022-04-01T11:53:32","date_gmt":"2022-04-01T09:53:32","guid":{"rendered":"https:\/\/muzeumwarszawy.pl\/?p=53740"},"modified":"2022-05-04T15:18:44","modified_gmt":"2022-05-04T13:18:44","slug":"multicultural-museum","status":"publish","type":"post","link":"https:\/\/muzeumwarszawy.pl\/en\/multicultural-museum\/","title":{"rendered":"Multicultural Museum"},"content":{"rendered":"\t\t<div data-elementor-type=\"wp-post\" data-elementor-id=\"53740\" class=\"elementor elementor-53740 elementor-53638\">\n\t\t\t\t\t\t<section class=\"elementor-section elementor-top-section elementor-element elementor-element-388002fb elementor-section-boxed elementor-section-height-default elementor-section-height-default\" data-id=\"388002fb\" data-element_type=\"section\" data-e-type=\"section\">\n\t\t\t\t\t\t<div class=\"elementor-container elementor-column-gap-default\">\n\t\t\t\t\t<div class=\"elementor-column elementor-col-100 elementor-top-column elementor-element elementor-element-8f5a477\" data-id=\"8f5a477\" data-element_type=\"column\" data-e-type=\"column\">\n\t\t\t<div class=\"elementor-widget-wrap elementor-element-populated\">\n\t\t\t\t\t\t<div class=\"elementor-element elementor-element-65436af elementor-widget elementor-widget-text-editor\" data-id=\"65436af\" data-element_type=\"widget\" data-e-type=\"widget\" data-widget_type=\"text-editor.default\">\n\t\t\t\t<div class=\"elementor-widget-container\">\n\t\t\t\t\t\t\t\t\t<p><strong>Multicultural Museum <\/strong>is an international conference in Warsaw.<\/p><p><a href=\"https:\/\/www.facebook.com\/events\/1326877237815915\">Follow event on Facebook.<\/a><\/p><p><strong>Dates:<\/strong> 9-10.05.2022<\/p><p><strong>Location:<\/strong> The Praga Museum of Warsaw (Muzeum Warszawskiej Pragi), 50\/52 Targowa Street, 03-733 Warsaw<\/p><p><strong>Organiser:<\/strong> Museum of Warsaw (Muzeum Warszawy)<\/p><p><strong>Partners:<\/strong>\u00a0 l&#8217;Institut fran\u00e7ais de Pologne, Embassy of Netherlands in Poland, British Council, Instituto Cervantes, Goethe-Institut Warschau, Credit Agricole<\/p>\t\t\t\t\t\t\t\t<\/div>\n\t\t\t\t<\/div>\n\t\t\t\t<div class=\"elementor-element elementor-element-c59bd6f elementor-widget elementor-widget-image\" data-id=\"c59bd6f\" data-element_type=\"widget\" data-e-type=\"widget\" data-widget_type=\"image.default\">\n\t\t\t\t<div class=\"elementor-widget-container\">\n\t\t\t\t\t\t\t\t\t\t\t\t\t\t\t<img fetchpriority=\"high\" decoding=\"async\" width=\"1920\" height=\"270\" src=\"https:\/\/muzeumwarszawy.pl\/wp-content\/uploads\/2022\/04\/belka-logotypy-EN.jpg\" class=\"attachment-large size-large wp-image-53956\" alt=\"logotypy konferencja Muzeum Wielu Kultur EN\" srcset=\"https:\/\/muzeumwarszawy.pl\/wp-content\/uploads\/2022\/04\/belka-logotypy-EN.jpg 1920w, https:\/\/muzeumwarszawy.pl\/wp-content\/uploads\/2022\/04\/belka-logotypy-EN-300x42.jpg 300w, https:\/\/muzeumwarszawy.pl\/wp-content\/uploads\/2022\/04\/belka-logotypy-EN-768x108.jpg 768w, https:\/\/muzeumwarszawy.pl\/wp-content\/uploads\/2022\/04\/belka-logotypy-EN-1536x216.jpg 1536w, https:\/\/muzeumwarszawy.pl\/wp-content\/uploads\/2022\/04\/belka-logotypy-EN-650x91.jpg 650w\" sizes=\"(max-width: 1920px) 100vw, 1920px\" \/>\t\t\t\t\t\t\t\t\t\t\t\t\t\t\t<\/div>\n\t\t\t\t<\/div>\n\t\t\t\t<div class=\"elementor-element elementor-element-56ef001 elementor-widget elementor-widget-text-editor\" data-id=\"56ef001\" data-element_type=\"widget\" data-e-type=\"widget\" data-widget_type=\"text-editor.default\">\n\t\t\t\t<div class=\"elementor-widget-container\">\n\t\t\t\t\t\t\t\t\t<p><strong>How can we build the happiest multicultural society possible using cultural tools and integrational potential of museums?<\/strong> What is their role in helping city dwellers of all types feel at home in local societies, especially in such a difficult context as war in Ukraine?<\/p><p><strong>Multicultural Museum<\/strong> is a two days long meeting of people creating cultural institutions engaged in working with multicultural local communities and public not involved in cultural sector in different cities and countries.<\/p><p><strong> Museums can change quality of life of local communities of all types.<\/strong> Let\u2019s find a good and practical answer to a question how to do it in a good and responsible way in the XXI century and how to develop the commitment of museums in the social field (policy towards the public of immigrant origin and disadvantaged or far from culture).<\/p>\t\t\t\t\t\t\t\t<\/div>\n\t\t\t\t<\/div>\n\t\t\t\t<div class=\"elementor-element elementor-element-502d86b elementor-widget elementor-widget-heading\" data-id=\"502d86b\" data-element_type=\"widget\" data-e-type=\"widget\" data-widget_type=\"heading.default\">\n\t\t\t\t<div class=\"elementor-widget-container\">\n\t\t\t\t\t<h2 class=\"elementor-heading-title elementor-size-default\">REGISTRATION<\/h2>\t\t\t\t<\/div>\n\t\t\t\t<\/div>\n\t\t\t\t<div class=\"elementor-element elementor-element-4e933e1 elementor-widget elementor-widget-text-editor\" data-id=\"4e933e1\" data-element_type=\"widget\" data-e-type=\"widget\" data-widget_type=\"text-editor.default\">\n\t\t\t\t<div class=\"elementor-widget-container\">\n\t\t\t\t\t\t\t\t\t<p>Register till April 27th (11:59 PM) and take part in our conference! <a href=\"https:\/\/docs.google.com\/forms\/d\/e\/1FAIpQLSfF3EbYeTRBsItjrIAIOO1SSO1ZA4ZiVH8Tz1j4JZapyqsl5A\/viewform\">Fill in the form.<\/a><\/p><p>We will come back to you (e-mail) on Friday, April 29th.<\/p><p><span data-sheets-formula-bar-text-style=\"font-size:13px;color:#000000;font-weight:normal;text-decoration:none;font-family:'Arial';font-style:normal;text-decoration-skip-ink:none;\">You can take part in the 1st day or in the 1st and the 2nd day of our conference. You can not take part only in the 2nd day. <\/span><\/p><p><span data-sheets-formula-bar-text-style=\"font-size:13px;color:#000000;font-weight:normal;text-decoration:none;font-family:'Arial';font-style:normal;text-decoration-skip-ink:none;\"><strong>Please remember that the 2nd day will be held in Polish only<\/strong>, while the 1st day of the conference will be in English and Polish.<\/span><\/p><p>We hope to see you during our conference, but we have a limited space and we will not be able to invite everyone for the live event. But don&#8217;t worry, we are planning an online transmission, so we hope you will be with us live or online.<\/p>\t\t\t\t\t\t\t\t<\/div>\n\t\t\t\t<\/div>\n\t\t\t\t<div class=\"elementor-element elementor-element-de713f8 elementor-widget elementor-widget-heading\" data-id=\"de713f8\" data-element_type=\"widget\" data-e-type=\"widget\" data-widget_type=\"heading.default\">\n\t\t\t\t<div class=\"elementor-widget-container\">\n\t\t\t\t\t<h2 class=\"elementor-heading-title elementor-size-default\">Conference program<\/h2>\t\t\t\t<\/div>\n\t\t\t\t<\/div>\n\t\t\t\t<div class=\"elementor-element elementor-element-1160f35 elementor-widget elementor-widget-text-editor\" data-id=\"1160f35\" data-element_type=\"widget\" data-e-type=\"widget\" data-widget_type=\"text-editor.default\">\n\t\t\t\t<div class=\"elementor-widget-container\">\n\t\t\t\t\t\t\t\t\t<p>Conference in English and Polish with simultaneous translations English-Polish and French-Polish, French-English.<\/p>\t\t\t\t\t\t\t\t<\/div>\n\t\t\t\t<\/div>\n\t\t\t\t<div class=\"elementor-element elementor-element-2d8add6 elementor-tabs-view-horizontal elementor-widget elementor-widget-tabs\" data-id=\"2d8add6\" data-element_type=\"widget\" data-e-type=\"widget\" data-widget_type=\"tabs.default\">\n\t\t\t\t<div class=\"elementor-widget-container\">\n\t\t\t\t\t\t\t<div class=\"elementor-tabs\">\n\t\t\t<div class=\"elementor-tabs-wrapper\" role=\"tablist\" >\n\t\t\t\t\t\t\t\t\t<div id=\"elementor-tab-title-4771\" class=\"elementor-tab-title elementor-tab-desktop-title\" aria-selected=\"true\" data-tab=\"1\" role=\"tab\" tabindex=\"0\" aria-controls=\"elementor-tab-content-4771\" aria-expanded=\"false\">9 May (Monday) <\/br>International Day<\/div>\n\t\t\t\t\t\t\t\t\t<div id=\"elementor-tab-title-4772\" class=\"elementor-tab-title elementor-tab-desktop-title\" aria-selected=\"false\" data-tab=\"2\" role=\"tab\" tabindex=\"-1\" aria-controls=\"elementor-tab-content-4772\" aria-expanded=\"false\">10 May (Tuesday) <\/br>Warsaw Round Table <\/div>\n\t\t\t\t\t\t\t<\/div>\n\t\t\t<div class=\"elementor-tabs-content-wrapper\" role=\"tablist\" aria-orientation=\"vertical\">\n\t\t\t\t\t\t\t\t\t<div class=\"elementor-tab-title elementor-tab-mobile-title\" aria-selected=\"true\" data-tab=\"1\" role=\"tab\" tabindex=\"0\" aria-controls=\"elementor-tab-content-4771\" aria-expanded=\"false\">9 May (Monday) <\/br>International Day<\/div>\n\t\t\t\t\t<div id=\"elementor-tab-content-4771\" class=\"elementor-tab-content elementor-clearfix\" data-tab=\"1\" role=\"tabpanel\" aria-labelledby=\"elementor-tab-title-4771\" tabindex=\"0\" hidden=\"false\"><p><strong>9:30 a.m.<\/strong> | Registration<\/p><p><strong>10:00 a.m.<\/strong> | Opening, Karolina Zi\u0119bi\u0144ska-Lewandowska, director of Museum of Warsaw, Artur J\u00f3\u017awik, Director of the Culture Department, City of Warsaw<\/p><p><strong>10:10 a.m.<\/strong> | Presentation of Museum of Warsaw projects, Katarzyna \u017d\u00e1k-Caplot, Museum of Warsaw (presentation in English, simultaneous translation into Polish)<\/p><p><strong>10:30 a.m. &#8211; 11:25 a.m.<\/strong> | <em>Museums, Immigrants, and Social Justice<\/em>, Professor Sofia Labadi (lecture online + question and answer session)<\/p><p><strong>Professor Sophia Labadi<\/strong> is an international consultant and an award-winning Professor of Heritage at the University of Kent. She regularly acts as a consultant on heritage projects and policy making for international organisations (e.g. UNESCO, the World Bank) and governments. She is a co-author or co-editor of 11 books and over 50 peer-reviewed journal articles and book chapters. An author of \u201eMuseums, Immigrants, and Social Justice\u201d (Routledge, 2017). <a href=\"http:\/\/www.sophialabadi.com\">sophialabadi.com<\/a><\/p><p><strong>11:25 a.m.<\/strong> | Social engagement of museums<br \/>Presentations of museums that work on their collections and regular programme and have an intense programme in social field (45 min. presentation + questions and answer session after each) translations \/ live presentations in English\/French + online screening and transmission (with a Polish\/English translation)<\/p><p><strong>11:25 a.m. &#8211; 12:25 p.m.<\/strong> | France, Mucem, Director Jean-Fran\u00e7ois Chougnet (presentation in English\/French, simultaneous translation into Polish and English) <a href=\"http:\/\/www.mucem.org\/\">mucem.org<\/a><\/p><p><strong>12:25 p.m. &#8211; 13:25 p.m.<\/strong> | Germany, Historical Museum in Frankfurt, Susanne Gesser (presentation in English, simultaneous translation into Polish) <a href=\"http:\/\/www.historisches-museum-frankfurt.de\/\">historisches-museum-frankfurt.de<\/a><\/p><p><strong>13:25 p.m.<\/strong> | Lunch<\/p><p><strong>14:10 p.m. &#8211; 15:10 p.m.<\/strong> | Spain, Museo Reina Sofia, Madrid, Deputy director Mabel Tapia (presentation in English, simultaneous translation into Polish) <a href=\"http:\/\/www.museoreinasofia.es\/\">museoreinasofia.es<\/a><\/p><p><strong>15:10 p.m. &#8211; 16:10 p.m.<\/strong> | Netherlands, Stichting Wijkcollectie (District Heritage Foundation), Museum Rotterdam, Nicole van Dijk (presentation in English, simultaneous translation into Polish) <a href=\"http:\/\/www.museumrotterdam.nl\/\">museumrotterdam.nl<\/a><\/p><p><strong>16:10 p.m.<\/strong> | Coffee break<\/p><p><strong>16:30 p.m. &#8211; 17:20 p.m.<\/strong> | <em>Museum as a multicultural social spot: The Queens Museum, New York<\/em>, Adrianne Koteen (lecture online + question and answer session, presentation in English, simultaneous translation into Polish)\u00a0<a href=\"https:\/\/queensmuseum.org\/\">queensmuseum.org<\/a><\/p><\/div>\n\t\t\t\t\t\t\t\t\t<div class=\"elementor-tab-title elementor-tab-mobile-title\" aria-selected=\"false\" data-tab=\"2\" role=\"tab\" tabindex=\"-1\" aria-controls=\"elementor-tab-content-4772\" aria-expanded=\"false\">10 May (Tuesday) <\/br>Warsaw Round Table <\/div>\n\t\t\t\t\t<div id=\"elementor-tab-content-4772\" class=\"elementor-tab-content elementor-clearfix\" data-tab=\"2\" role=\"tabpanel\" aria-labelledby=\"elementor-tab-title-4772\" tabindex=\"0\" hidden=\"hidden\"><p><strong>10:00 a.m. &#8211; 12:00 p.m.<\/strong> | Poland: presentation of practices of Warsaw museums in the field of multicultural local identity and engagement and of\u00a0 Warsaw NGOs working with multicultural local communities<\/p><p><strong>12:00 p.m.<\/strong> | Lunch<\/p><p><strong>12:45 p.m. &#8211; 16:00 p.m.<\/strong> | Workshop<\/p><p><strong>Warsaw museums have a big role to play in the process of integrating multicultural Warsaw society.<\/strong>\u00a0What can Warsaw institutions and cultural policies do to play it in an attractive and responsible way?<\/p><p>The <strong>Warsaw Round Table<\/strong> will provide a possibility of a deeper insight into possibilities and duties that Warsaw museums have in this context. The cooperation brought to life during this session will be continued later on.<\/p><p>Participants:<\/p><ul><li>Aldona Machnowska-G\u00f3ra, Deputy Mayor of Warsaw,<\/li><li>representatives of Museum of Warsaw,<\/li><li>Artur J\u00f3\u017awik, Director of the Culture Department, City of Warsaw,<\/li><li>other representatives of the Culture Department,<\/li><li>Warsaw NGOs, Warsaw Museums,<\/li><li>migrants.<\/li><\/ul><\/div>\n\t\t\t\t\t\t\t<\/div>\n\t\t<\/div>\n\t\t\t\t\t\t<\/div>\n\t\t\t\t<\/div>\n\t\t\t\t\t<\/div>\n\t\t<\/div>\n\t\t\t\t\t<\/div>\n\t\t<\/section>\n\t\t\t\t<\/div>\n\t\t","protected":false},"excerpt":{"rendered":"<p>Multicultural Museum is an international conference in Warsaw. Follow event on Facebook. Dates: 9-10.05.2022 Location: The Praga Museum of Warsaw (Muzeum Warszawskiej Pragi), 50\/52 Targowa Street, 03-733 Warsaw Organiser: Museum of Warsaw (Muzeum Warszawy) Partners:\u00a0 l&#8217;Institut fran\u00e7ais de Pologne, Embassy of Netherlands in Poland, British Council, Instituto Cervantes, Goethe-Institut Warschau, Credit Agricole How can we [&hellip;]<\/p>\n","protected":false},"author":5,"featured_media":53953,"comment_status":"open","ping_status":"open","sticky":false,"template":"","format":"standard","meta":{"_acf_changed":false,"footnotes":""},"categories":[100,199,197],"tags":[],"class_list":["post-53740","post","type-post","status-publish","format-standard","has-post-thumbnail","hentry","category-aktualnosci-en","category-the-heritage-interpretation-centre","category-the-praga-museum-of-warsaw"],"acf":[],"yoast_head":"<!-- This site is optimized with the Yoast SEO plugin v27.3 - https:\/\/yoast.com\/product\/yoast-seo-wordpress\/ -->\n<title>Multicultural Museum | Muzeum Warszawy<\/title>\n<meta name=\"description\" content=\"Multicultural Museum is conference of people creating cultural institutions engaged in working with multicultural local communities.\" \/>\n<meta name=\"robots\" content=\"index, follow, max-snippet:-1, max-image-preview:large, max-video-preview:-1\" \/>\n<link rel=\"canonical\" href=\"https:\/\/muzeumwarszawy.pl\/en\/multicultural-museum\/\" \/>\n<meta property=\"og:locale\" content=\"en_US\" \/>\n<meta property=\"og:type\" content=\"article\" \/>\n<meta property=\"og:title\" content=\"Multicultural Museum | Muzeum Warszawy\" \/>\n<meta property=\"og:description\" content=\"Multicultural Museum is conference of people creating cultural institutions engaged in working with multicultural local communities.\" \/>\n<meta property=\"og:url\" content=\"https:\/\/muzeumwarszawy.pl\/en\/multicultural-museum\/\" \/>\n<meta property=\"og:site_name\" content=\"Muzeum Warszawy\" \/>\n<meta property=\"article:publisher\" content=\"https:\/\/www.facebook.com\/muzeum.warszawy\/\" \/>\n<meta property=\"article:published_time\" content=\"2022-04-01T09:53:32+00:00\" \/>\n<meta property=\"article:modified_time\" content=\"2022-05-04T13:18:44+00:00\" \/>\n<meta property=\"og:image\" content=\"https:\/\/muzeumwarszawy.pl\/wp-content\/uploads\/2022\/04\/MULTICULTURAL-MUSEUM_KAFELEK.jpg\" \/>\n\t<meta property=\"og:image:width\" content=\"1300\" \/>\n\t<meta property=\"og:image:height\" content=\"870\" \/>\n\t<meta property=\"og:image:type\" content=\"image\/jpeg\" \/>\n<meta name=\"author\" content=\"mwadmin\" \/>\n<meta name=\"twitter:card\" content=\"summary_large_image\" \/>\n<meta name=\"twitter:creator\" content=\"@muzeumwarszawy\" \/>\n<meta name=\"twitter:site\" content=\"@muzeumwarszawy\" \/>\n<meta name=\"twitter:label1\" content=\"Written by\" \/>\n\t<meta name=\"twitter:data1\" content=\"mwadmin\" \/>\n\t<meta name=\"twitter:label2\" content=\"Est. reading time\" \/>\n\t<meta name=\"twitter:data2\" content=\"6 minutes\" \/>\n<script type=\"application\/ld+json\" class=\"yoast-schema-graph\">{\"@context\":\"https:\\\/\\\/schema.org\",\"@graph\":[{\"@type\":\"Article\",\"@id\":\"https:\\\/\\\/muzeumwarszawy.pl\\\/en\\\/multicultural-museum\\\/#article\",\"isPartOf\":{\"@id\":\"https:\\\/\\\/muzeumwarszawy.pl\\\/en\\\/multicultural-museum\\\/\"},\"author\":{\"name\":\"mwadmin\",\"@id\":\"https:\\\/\\\/muzeumwarszawy.pl\\\/#\\\/schema\\\/person\\\/98f0aa3b9891032e7b71152cb207e070\"},\"headline\":\"Multicultural Museum\",\"datePublished\":\"2022-04-01T09:53:32+00:00\",\"dateModified\":\"2022-05-04T13:18:44+00:00\",\"mainEntityOfPage\":{\"@id\":\"https:\\\/\\\/muzeumwarszawy.pl\\\/en\\\/multicultural-museum\\\/\"},\"wordCount\":801,\"commentCount\":0,\"publisher\":{\"@id\":\"https:\\\/\\\/muzeumwarszawy.pl\\\/#organization\"},\"image\":{\"@id\":\"https:\\\/\\\/muzeumwarszawy.pl\\\/en\\\/multicultural-museum\\\/#primaryimage\"},\"thumbnailUrl\":\"https:\\\/\\\/muzeumwarszawy.pl\\\/wp-content\\\/uploads\\\/2022\\\/04\\\/MULTICULTURAL-MUSEUM_KAFELEK.jpg\",\"articleSection\":[\"News\",\"The Heritage Interpretation Centre\",\"The Praga Museum of Warsaw\"],\"inLanguage\":\"en-US\",\"potentialAction\":[{\"@type\":\"CommentAction\",\"name\":\"Comment\",\"target\":[\"https:\\\/\\\/muzeumwarszawy.pl\\\/en\\\/multicultural-museum\\\/#respond\"]}]},{\"@type\":\"WebPage\",\"@id\":\"https:\\\/\\\/muzeumwarszawy.pl\\\/en\\\/multicultural-museum\\\/\",\"url\":\"https:\\\/\\\/muzeumwarszawy.pl\\\/en\\\/multicultural-museum\\\/\",\"name\":\"Multicultural Museum | Muzeum Warszawy\",\"isPartOf\":{\"@id\":\"https:\\\/\\\/muzeumwarszawy.pl\\\/#website\"},\"primaryImageOfPage\":{\"@id\":\"https:\\\/\\\/muzeumwarszawy.pl\\\/en\\\/multicultural-museum\\\/#primaryimage\"},\"image\":{\"@id\":\"https:\\\/\\\/muzeumwarszawy.pl\\\/en\\\/multicultural-museum\\\/#primaryimage\"},\"thumbnailUrl\":\"https:\\\/\\\/muzeumwarszawy.pl\\\/wp-content\\\/uploads\\\/2022\\\/04\\\/MULTICULTURAL-MUSEUM_KAFELEK.jpg\",\"datePublished\":\"2022-04-01T09:53:32+00:00\",\"dateModified\":\"2022-05-04T13:18:44+00:00\",\"description\":\"Multicultural Museum is conference of people creating cultural institutions engaged in working with multicultural local communities.\",\"breadcrumb\":{\"@id\":\"https:\\\/\\\/muzeumwarszawy.pl\\\/en\\\/multicultural-museum\\\/#breadcrumb\"},\"inLanguage\":\"en-US\",\"potentialAction\":[{\"@type\":\"ReadAction\",\"target\":[\"https:\\\/\\\/muzeumwarszawy.pl\\\/en\\\/multicultural-museum\\\/\"]}]},{\"@type\":\"ImageObject\",\"inLanguage\":\"en-US\",\"@id\":\"https:\\\/\\\/muzeumwarszawy.pl\\\/en\\\/multicultural-museum\\\/#primaryimage\",\"url\":\"https:\\\/\\\/muzeumwarszawy.pl\\\/wp-content\\\/uploads\\\/2022\\\/04\\\/MULTICULTURAL-MUSEUM_KAFELEK.jpg\",\"contentUrl\":\"https:\\\/\\\/muzeumwarszawy.pl\\\/wp-content\\\/uploads\\\/2022\\\/04\\\/MULTICULTURAL-MUSEUM_KAFELEK.jpg\",\"width\":1300,\"height\":870},{\"@type\":\"BreadcrumbList\",\"@id\":\"https:\\\/\\\/muzeumwarszawy.pl\\\/en\\\/multicultural-museum\\\/#breadcrumb\",\"itemListElement\":[{\"@type\":\"ListItem\",\"position\":1,\"name\":\"Home\",\"item\":\"https:\\\/\\\/muzeumwarszawy.pl\\\/en\\\/\"},{\"@type\":\"ListItem\",\"position\":2,\"name\":\"Multicultural Museum\"}]},{\"@type\":\"WebSite\",\"@id\":\"https:\\\/\\\/muzeumwarszawy.pl\\\/#website\",\"url\":\"https:\\\/\\\/muzeumwarszawy.pl\\\/\",\"name\":\"Muzeum Warszawy\",\"description\":\"Od 80 lat misj\u0105 Muzeum Warszawy jest gromadzenie, przechowywanie, opracowywanie i udost\u0119pnianie zbior\u00f3w zwi\u0105zanych z Warszaw\u0105. Prowadz\u0105c dzia\u0142alno\u015b\u0107 wystawiennicz\u0105, badawcz\u0105, wydawnicz\u0105, edukacyjn\u0105 oraz kulturaln\u0105, muzeum towarzyszy odbiorcom w poznawaniu fenomenu Warszawy.\",\"publisher\":{\"@id\":\"https:\\\/\\\/muzeumwarszawy.pl\\\/#organization\"},\"potentialAction\":[{\"@type\":\"SearchAction\",\"target\":{\"@type\":\"EntryPoint\",\"urlTemplate\":\"https:\\\/\\\/muzeumwarszawy.pl\\\/?s={search_term_string}\"},\"query-input\":{\"@type\":\"PropertyValueSpecification\",\"valueRequired\":true,\"valueName\":\"search_term_string\"}}],\"inLanguage\":\"en-US\"},{\"@type\":\"Organization\",\"@id\":\"https:\\\/\\\/muzeumwarszawy.pl\\\/#organization\",\"name\":\"Muzeum Warszawy\",\"url\":\"https:\\\/\\\/muzeumwarszawy.pl\\\/\",\"logo\":{\"@type\":\"ImageObject\",\"inLanguage\":\"en-US\",\"@id\":\"https:\\\/\\\/muzeumwarszawy.pl\\\/#\\\/schema\\\/logo\\\/image\\\/\",\"url\":\"https:\\\/\\\/muzeumwarszawy.pl\\\/wp-content\\\/uploads\\\/2019\\\/09\\\/mw_logo.png\",\"contentUrl\":\"https:\\\/\\\/muzeumwarszawy.pl\\\/wp-content\\\/uploads\\\/2019\\\/09\\\/mw_logo.png\",\"width\":900,\"height\":900,\"caption\":\"Muzeum Warszawy\"},\"image\":{\"@id\":\"https:\\\/\\\/muzeumwarszawy.pl\\\/#\\\/schema\\\/logo\\\/image\\\/\"},\"sameAs\":[\"https:\\\/\\\/www.facebook.com\\\/muzeum.warszawy\\\/\",\"https:\\\/\\\/x.com\\\/muzeumwarszawy\",\"https:\\\/\\\/www.instagram.com\\\/muzeumwarszawy\\\/\",\"https:\\\/\\\/www.youtube.com\\\/channel\\\/UCcpFm6UFnUofszAU6bSGEng\\\/featured\",\"https:\\\/\\\/pl.wikipedia.org\\\/wiki\\\/Muzeum_Warszawy\"]},{\"@type\":\"Person\",\"@id\":\"https:\\\/\\\/muzeumwarszawy.pl\\\/#\\\/schema\\\/person\\\/98f0aa3b9891032e7b71152cb207e070\",\"name\":\"mwadmin\",\"url\":\"https:\\\/\\\/muzeumwarszawy.pl\\\/en\\\/author\\\/mwadmin\\\/\"}]}<\/script>\n<!-- \/ Yoast SEO plugin. -->","yoast_head_json":{"title":"Multicultural Museum | Muzeum Warszawy","description":"Multicultural Museum is conference of people creating cultural institutions engaged in working with multicultural local communities.","robots":{"index":"index","follow":"follow","max-snippet":"max-snippet:-1","max-image-preview":"max-image-preview:large","max-video-preview":"max-video-preview:-1"},"canonical":"https:\/\/muzeumwarszawy.pl\/en\/multicultural-museum\/","og_locale":"en_US","og_type":"article","og_title":"Multicultural Museum | Muzeum Warszawy","og_description":"Multicultural Museum is conference of people creating cultural institutions engaged in working with multicultural local communities.","og_url":"https:\/\/muzeumwarszawy.pl\/en\/multicultural-museum\/","og_site_name":"Muzeum Warszawy","article_publisher":"https:\/\/www.facebook.com\/muzeum.warszawy\/","article_published_time":"2022-04-01T09:53:32+00:00","article_modified_time":"2022-05-04T13:18:44+00:00","og_image":[{"width":1300,"height":870,"url":"https:\/\/muzeumwarszawy.pl\/wp-content\/uploads\/2022\/04\/MULTICULTURAL-MUSEUM_KAFELEK.jpg","type":"image\/jpeg"}],"author":"mwadmin","twitter_card":"summary_large_image","twitter_creator":"@muzeumwarszawy","twitter_site":"@muzeumwarszawy","twitter_misc":{"Written by":"mwadmin","Est. reading time":"6 minutes"},"schema":{"@context":"https:\/\/schema.org","@graph":[{"@type":"Article","@id":"https:\/\/muzeumwarszawy.pl\/en\/multicultural-museum\/#article","isPartOf":{"@id":"https:\/\/muzeumwarszawy.pl\/en\/multicultural-museum\/"},"author":{"name":"mwadmin","@id":"https:\/\/muzeumwarszawy.pl\/#\/schema\/person\/98f0aa3b9891032e7b71152cb207e070"},"headline":"Multicultural Museum","datePublished":"2022-04-01T09:53:32+00:00","dateModified":"2022-05-04T13:18:44+00:00","mainEntityOfPage":{"@id":"https:\/\/muzeumwarszawy.pl\/en\/multicultural-museum\/"},"wordCount":801,"commentCount":0,"publisher":{"@id":"https:\/\/muzeumwarszawy.pl\/#organization"},"image":{"@id":"https:\/\/muzeumwarszawy.pl\/en\/multicultural-museum\/#primaryimage"},"thumbnailUrl":"https:\/\/muzeumwarszawy.pl\/wp-content\/uploads\/2022\/04\/MULTICULTURAL-MUSEUM_KAFELEK.jpg","articleSection":["News","The Heritage Interpretation Centre","The Praga Museum of Warsaw"],"inLanguage":"en-US","potentialAction":[{"@type":"CommentAction","name":"Comment","target":["https:\/\/muzeumwarszawy.pl\/en\/multicultural-museum\/#respond"]}]},{"@type":"WebPage","@id":"https:\/\/muzeumwarszawy.pl\/en\/multicultural-museum\/","url":"https:\/\/muzeumwarszawy.pl\/en\/multicultural-museum\/","name":"Multicultural Museum | Muzeum Warszawy","isPartOf":{"@id":"https:\/\/muzeumwarszawy.pl\/#website"},"primaryImageOfPage":{"@id":"https:\/\/muzeumwarszawy.pl\/en\/multicultural-museum\/#primaryimage"},"image":{"@id":"https:\/\/muzeumwarszawy.pl\/en\/multicultural-museum\/#primaryimage"},"thumbnailUrl":"https:\/\/muzeumwarszawy.pl\/wp-content\/uploads\/2022\/04\/MULTICULTURAL-MUSEUM_KAFELEK.jpg","datePublished":"2022-04-01T09:53:32+00:00","dateModified":"2022-05-04T13:18:44+00:00","description":"Multicultural Museum is conference of people creating cultural institutions engaged in working with multicultural local communities.","breadcrumb":{"@id":"https:\/\/muzeumwarszawy.pl\/en\/multicultural-museum\/#breadcrumb"},"inLanguage":"en-US","potentialAction":[{"@type":"ReadAction","target":["https:\/\/muzeumwarszawy.pl\/en\/multicultural-museum\/"]}]},{"@type":"ImageObject","inLanguage":"en-US","@id":"https:\/\/muzeumwarszawy.pl\/en\/multicultural-museum\/#primaryimage","url":"https:\/\/muzeumwarszawy.pl\/wp-content\/uploads\/2022\/04\/MULTICULTURAL-MUSEUM_KAFELEK.jpg","contentUrl":"https:\/\/muzeumwarszawy.pl\/wp-content\/uploads\/2022\/04\/MULTICULTURAL-MUSEUM_KAFELEK.jpg","width":1300,"height":870},{"@type":"BreadcrumbList","@id":"https:\/\/muzeumwarszawy.pl\/en\/multicultural-museum\/#breadcrumb","itemListElement":[{"@type":"ListItem","position":1,"name":"Home","item":"https:\/\/muzeumwarszawy.pl\/en\/"},{"@type":"ListItem","position":2,"name":"Multicultural Museum"}]},{"@type":"WebSite","@id":"https:\/\/muzeumwarszawy.pl\/#website","url":"https:\/\/muzeumwarszawy.pl\/","name":"Muzeum Warszawy","description":"Od 80 lat misj\u0105 Muzeum Warszawy jest gromadzenie, przechowywanie, opracowywanie i udost\u0119pnianie zbior\u00f3w zwi\u0105zanych z Warszaw\u0105. Prowadz\u0105c dzia\u0142alno\u015b\u0107 wystawiennicz\u0105, badawcz\u0105, wydawnicz\u0105, edukacyjn\u0105 oraz kulturaln\u0105, muzeum towarzyszy odbiorcom w poznawaniu fenomenu Warszawy.","publisher":{"@id":"https:\/\/muzeumwarszawy.pl\/#organization"},"potentialAction":[{"@type":"SearchAction","target":{"@type":"EntryPoint","urlTemplate":"https:\/\/muzeumwarszawy.pl\/?s={search_term_string}"},"query-input":{"@type":"PropertyValueSpecification","valueRequired":true,"valueName":"search_term_string"}}],"inLanguage":"en-US"},{"@type":"Organization","@id":"https:\/\/muzeumwarszawy.pl\/#organization","name":"Muzeum Warszawy","url":"https:\/\/muzeumwarszawy.pl\/","logo":{"@type":"ImageObject","inLanguage":"en-US","@id":"https:\/\/muzeumwarszawy.pl\/#\/schema\/logo\/image\/","url":"https:\/\/muzeumwarszawy.pl\/wp-content\/uploads\/2019\/09\/mw_logo.png","contentUrl":"https:\/\/muzeumwarszawy.pl\/wp-content\/uploads\/2019\/09\/mw_logo.png","width":900,"height":900,"caption":"Muzeum Warszawy"},"image":{"@id":"https:\/\/muzeumwarszawy.pl\/#\/schema\/logo\/image\/"},"sameAs":["https:\/\/www.facebook.com\/muzeum.warszawy\/","https:\/\/x.com\/muzeumwarszawy","https:\/\/www.instagram.com\/muzeumwarszawy\/","https:\/\/www.youtube.com\/channel\/UCcpFm6UFnUofszAU6bSGEng\/featured","https:\/\/pl.wikipedia.org\/wiki\/Muzeum_Warszawy"]},{"@type":"Person","@id":"https:\/\/muzeumwarszawy.pl\/#\/schema\/person\/98f0aa3b9891032e7b71152cb207e070","name":"mwadmin","url":"https:\/\/muzeumwarszawy.pl\/en\/author\/mwadmin\/"}]}},"_links":{"self":[{"href":"https:\/\/muzeumwarszawy.pl\/en\/wp-json\/wp\/v2\/posts\/53740","targetHints":{"allow":["GET"]}}],"collection":[{"href":"https:\/\/muzeumwarszawy.pl\/en\/wp-json\/wp\/v2\/posts"}],"about":[{"href":"https:\/\/muzeumwarszawy.pl\/en\/wp-json\/wp\/v2\/types\/post"}],"author":[{"embeddable":true,"href":"https:\/\/muzeumwarszawy.pl\/en\/wp-json\/wp\/v2\/users\/5"}],"replies":[{"embeddable":true,"href":"https:\/\/muzeumwarszawy.pl\/en\/wp-json\/wp\/v2\/comments?post=53740"}],"version-history":[{"count":70,"href":"https:\/\/muzeumwarszawy.pl\/en\/wp-json\/wp\/v2\/posts\/53740\/revisions"}],"predecessor-version":[{"id":56647,"href":"https:\/\/muzeumwarszawy.pl\/en\/wp-json\/wp\/v2\/posts\/53740\/revisions\/56647"}],"wp:featuredmedia":[{"embeddable":true,"href":"https:\/\/muzeumwarszawy.pl\/en\/wp-json\/wp\/v2\/media\/53953"}],"wp:attachment":[{"href":"https:\/\/muzeumwarszawy.pl\/en\/wp-json\/wp\/v2\/media?parent=53740"}],"wp:term":[{"taxonomy":"category","embeddable":true,"href":"https:\/\/muzeumwarszawy.pl\/en\/wp-json\/wp\/v2\/categories?post=53740"},{"taxonomy":"post_tag","embeddable":true,"href":"https:\/\/muzeumwarszawy.pl\/en\/wp-json\/wp\/v2\/tags?post=53740"}],"curies":[{"name":"wp","href":"https:\/\/api.w.org\/{rel}","templated":true}]}}