{"id":83152,"date":"2023-09-19T15:52:04","date_gmt":"2023-09-19T13:52:04","guid":{"rendered":"https:\/\/muzeumwarszawy.pl\/?p=83152"},"modified":"2024-03-18T15:36:33","modified_gmt":"2024-03-18T14:36:33","slug":"warsaw-under-construction-festival","status":"publish","type":"post","link":"https:\/\/muzeumwarszawy.pl\/en\/warsaw-under-construction-festival\/","title":{"rendered":"WARSAW UNDER CONSTRUCTION Festival\u00a0"},"content":{"rendered":"\t\t<div data-elementor-type=\"wp-post\" data-elementor-id=\"83152\" class=\"elementor elementor-83152 elementor-82524\">\n\t\t\t\t\t\t<section class=\"elementor-section elementor-top-section elementor-element elementor-element-83530ba elementor-section-boxed elementor-section-height-default elementor-section-height-default\" data-id=\"83530ba\" data-element_type=\"section\" data-e-type=\"section\">\n\t\t\t\t\t\t<div class=\"elementor-container elementor-column-gap-default\">\n\t\t\t\t\t<div class=\"elementor-column elementor-col-100 elementor-top-column elementor-element elementor-element-7d2943d8\" data-id=\"7d2943d8\" data-element_type=\"column\" data-e-type=\"column\">\n\t\t\t<div class=\"elementor-widget-wrap elementor-element-populated\">\n\t\t\t\t\t\t<div class=\"elementor-element elementor-element-995f2f0 elementor-widget elementor-widget-text-editor\" data-id=\"995f2f0\" data-element_type=\"widget\" data-e-type=\"widget\" data-widget_type=\"text-editor.default\">\n\t\t\t\t<div class=\"elementor-widget-container\">\n\t\t\t\t\t\t\t\t\t<p>The 15th edition of <a href=\"https:\/\/muzeumwoli.muzeumwarszawy.pl\/en\/wystawa\/warsaw-under-construction-15-the-cold-days-are-over\/\">WARSAW UNDER CONSTRUCTION \u201dThe Cold Days Are Over\u201d<\/a> looks at the development of Warsaw\u2019s temperature consciousness.<\/p><p>It presents a variety of tools for adapting Warsaw, other cities and their communities to changing conditions and preventing an increase in the scale of the climate and thermal crisis.<\/p><p>It covers the topic of life in the heat-stricken city from different perspectives \u2013 using scientific research, historical documents and art projects by Polish and foreign artists.<\/p>\t\t\t\t\t\t\t\t<\/div>\n\t\t\t\t<\/div>\n\t\t\t\t<div class=\"elementor-element elementor-element-157ba79 elementor-widget elementor-widget-heading\" data-id=\"157ba79\" data-element_type=\"widget\" data-e-type=\"widget\" data-widget_type=\"heading.default\">\n\t\t\t\t<div class=\"elementor-widget-container\">\n\t\t\t\t\t<h2 class=\"elementor-heading-title elementor-size-default\">Events<\/h2>\t\t\t\t<\/div>\n\t\t\t\t<\/div>\n\t\t\t\t<div class=\"elementor-element elementor-element-c8af960 elementor-widget elementor-widget-text-editor\" data-id=\"c8af960\" data-element_type=\"widget\" data-e-type=\"widget\" data-widget_type=\"text-editor.default\">\n\t\t\t\t<div class=\"elementor-widget-container\">\n\t\t\t\t\t\t\t\t\t<p><a href=\"https:\/\/muzeumwoli.muzeumwarszawy.pl\/en\/wydarzenia\/film-review-20oc-68of\/\">September 29 (Friday), 19:00, tickets: 18 PLN \/ 14 PLN<\/a><br \/><strong>Film review: 20\u00baC\/68\u00baF: Graham Stevens<br \/><\/strong>Syrena Cinema, Old Town Square 42<\/p><p><a href=\"https:\/\/muzeumwoli.muzeumwarszawy.pl\/en\/wydarzenia\/film-review-20oc-68of-2\/\">September 30 (Saturday), 19:00, tickets: 18 PLN \/ 14 PLN<\/a><br \/><strong>Film review: 20\u00baC\/68\u00baF: Ana Vaz<br \/><\/strong>Syrena Cinema, Old Town Square 42<\/p><p><a href=\"https:\/\/muzeumwoli.muzeumwarszawy.pl\/en\/wydarzenia\/film-review-20oc-68of-3\/\">October 1 (Sunday), 19:00, free admission<\/a><br \/><strong>Film review: 20\u00baC\/68\u00baF<\/strong><br \/>Bar Studio, Plac Defilad 1<\/p><p><a href=\"https:\/\/muzeumwoli.muzeumwarszawy.pl\/en\/wydarzenia\/danube-transformation-agency-for-agency-exhibition-opening-and-meeting-with-an-international-art-collective-dtafa\/\">October 14 (Saturday), 18:00<\/a>, free admission<br \/><strong>Danube Transformation Agency for Agency<\/strong> \u2013 <strong>exhibition opening and meeting with an international art collective DTAFA<\/strong><br \/>Austrian Cultural Forum, Pr\u00f3\u017cna Street 7\/9<\/p><p><a href=\"https:\/\/muzeumwoli.muzeumwarszawy.pl\/en\/wydarzenia\/curatorial-guided-tour-of-the-the-cold-days-are-over-exhibition\/\">October 19 (Thursday), 18:00, tickets: 15 PLN \/ 10 PLN<\/a><br \/><strong>Curatorial guided tour of the \u201cThe Cold Days Are Over\u201d exhibition<\/strong><br \/>The Wola Museum of Warsaw, Srebrna Street 12<\/p>\t\t\t\t\t\t\t\t<\/div>\n\t\t\t\t<\/div>\n\t\t\t\t\t<\/div>\n\t\t<\/div>\n\t\t\t\t\t<\/div>\n\t\t<\/section>\n\t\t\t\t<\/div>\n\t\t","protected":false},"excerpt":{"rendered":"<p>The 15th edition of WARSAW UNDER CONSTRUCTION \u201dThe Cold Days Are Over\u201d looks at the development of Warsaw\u2019s temperature consciousness. It presents a variety of tools for adapting Warsaw, other cities and their communities to changing conditions and preventing an increase in the scale of the climate and thermal crisis. It covers the topic of [&hellip;]<\/p>\n","protected":false},"author":5,"featured_media":83238,"comment_status":"closed","ping_status":"closed","sticky":false,"template":"","format":"standard","meta":{"_acf_changed":false,"footnotes":""},"categories":[100,198],"tags":[],"class_list":["post-83152","post","type-post","status-publish","format-standard","has-post-thumbnail","hentry","category-aktualnosci-en","category-the-wola-museum"],"acf":[],"yoast_head":"<!-- This site is optimized with the Yoast SEO plugin v27.3 - https:\/\/yoast.com\/product\/yoast-seo-wordpress\/ -->\n<title>WARSAW UNDER CONSTRUCTION Festival\u00a0 | Muzeum Warszawy<\/title>\n<meta name=\"description\" content=\"The 15th edition of WARSAW UNDER CONSTRUCTION \u201dThe Cold Days Are Over\u201d looks at the development of Warsaw\u2019s temperature consciousness.\" \/>\n<meta name=\"robots\" content=\"index, follow, max-snippet:-1, max-image-preview:large, max-video-preview:-1\" \/>\n<link rel=\"canonical\" href=\"https:\/\/muzeumwarszawy.pl\/en\/warsaw-under-construction-festival\/\" \/>\n<meta property=\"og:locale\" content=\"en_US\" \/>\n<meta property=\"og:type\" content=\"article\" \/>\n<meta property=\"og:title\" content=\"WARSAW UNDER CONSTRUCTION Festival\u00a0 | Muzeum Warszawy\" \/>\n<meta property=\"og:description\" content=\"The 15th edition of WARSAW UNDER CONSTRUCTION \u201dThe Cold Days Are Over\u201d looks at the development of Warsaw\u2019s temperature consciousness.\" \/>\n<meta property=\"og:url\" content=\"https:\/\/muzeumwarszawy.pl\/en\/warsaw-under-construction-festival\/\" \/>\n<meta property=\"og:site_name\" content=\"Muzeum Warszawy\" \/>\n<meta property=\"article:publisher\" content=\"https:\/\/www.facebook.com\/muzeum.warszawy\/\" \/>\n<meta property=\"article:published_time\" content=\"2023-09-19T13:52:04+00:00\" \/>\n<meta property=\"article:modified_time\" content=\"2024-03-18T14:36:33+00:00\" \/>\n<meta property=\"og:image\" content=\"https:\/\/muzeumwarszawy.pl\/wp-content\/uploads\/2023\/09\/WWB-2023_www_AKTUALNOSCI2.jpg\" \/>\n\t<meta property=\"og:image:width\" content=\"1300\" \/>\n\t<meta property=\"og:image:height\" content=\"870\" \/>\n\t<meta property=\"og:image:type\" content=\"image\/jpeg\" \/>\n<meta name=\"author\" content=\"mwadmin\" \/>\n<meta name=\"twitter:card\" content=\"summary_large_image\" \/>\n<meta name=\"twitter:creator\" content=\"@muzeumwarszawy\" \/>\n<meta name=\"twitter:site\" content=\"@muzeumwarszawy\" \/>\n<meta name=\"twitter:label1\" content=\"Written by\" \/>\n\t<meta name=\"twitter:data1\" content=\"mwadmin\" \/>\n\t<meta name=\"twitter:label2\" content=\"Est. reading time\" \/>\n\t<meta name=\"twitter:data2\" content=\"2 minutes\" \/>\n<script type=\"application\/ld+json\" class=\"yoast-schema-graph\">{\"@context\":\"https:\\\/\\\/schema.org\",\"@graph\":[{\"@type\":\"Article\",\"@id\":\"https:\\\/\\\/muzeumwarszawy.pl\\\/en\\\/warsaw-under-construction-festival\\\/#article\",\"isPartOf\":{\"@id\":\"https:\\\/\\\/muzeumwarszawy.pl\\\/en\\\/warsaw-under-construction-festival\\\/\"},\"author\":{\"name\":\"mwadmin\",\"@id\":\"https:\\\/\\\/muzeumwarszawy.pl\\\/#\\\/schema\\\/person\\\/dab10ff664ee014cab96a3e0dfc32801\"},\"headline\":\"WARSAW UNDER CONSTRUCTION Festival\u00a0\",\"datePublished\":\"2023-09-19T13:52:04+00:00\",\"dateModified\":\"2024-03-18T14:36:33+00:00\",\"mainEntityOfPage\":{\"@id\":\"https:\\\/\\\/muzeumwarszawy.pl\\\/en\\\/warsaw-under-construction-festival\\\/\"},\"wordCount\":174,\"publisher\":{\"@id\":\"https:\\\/\\\/muzeumwarszawy.pl\\\/#organization\"},\"image\":{\"@id\":\"https:\\\/\\\/muzeumwarszawy.pl\\\/en\\\/warsaw-under-construction-festival\\\/#primaryimage\"},\"thumbnailUrl\":\"https:\\\/\\\/muzeumwarszawy.pl\\\/wp-content\\\/uploads\\\/2023\\\/09\\\/WWB-2023_www_AKTUALNOSCI2.jpg\",\"articleSection\":[\"News\",\"The Wola Museum\"],\"inLanguage\":\"en-US\"},{\"@type\":\"WebPage\",\"@id\":\"https:\\\/\\\/muzeumwarszawy.pl\\\/en\\\/warsaw-under-construction-festival\\\/\",\"url\":\"https:\\\/\\\/muzeumwarszawy.pl\\\/en\\\/warsaw-under-construction-festival\\\/\",\"name\":\"WARSAW UNDER CONSTRUCTION Festival\u00a0 | Muzeum Warszawy\",\"isPartOf\":{\"@id\":\"https:\\\/\\\/muzeumwarszawy.pl\\\/#website\"},\"primaryImageOfPage\":{\"@id\":\"https:\\\/\\\/muzeumwarszawy.pl\\\/en\\\/warsaw-under-construction-festival\\\/#primaryimage\"},\"image\":{\"@id\":\"https:\\\/\\\/muzeumwarszawy.pl\\\/en\\\/warsaw-under-construction-festival\\\/#primaryimage\"},\"thumbnailUrl\":\"https:\\\/\\\/muzeumwarszawy.pl\\\/wp-content\\\/uploads\\\/2023\\\/09\\\/WWB-2023_www_AKTUALNOSCI2.jpg\",\"datePublished\":\"2023-09-19T13:52:04+00:00\",\"dateModified\":\"2024-03-18T14:36:33+00:00\",\"description\":\"The 15th edition of WARSAW UNDER CONSTRUCTION \u201dThe Cold Days Are Over\u201d looks at the development of Warsaw\u2019s temperature consciousness.\",\"breadcrumb\":{\"@id\":\"https:\\\/\\\/muzeumwarszawy.pl\\\/en\\\/warsaw-under-construction-festival\\\/#breadcrumb\"},\"inLanguage\":\"en-US\",\"potentialAction\":[{\"@type\":\"ReadAction\",\"target\":[\"https:\\\/\\\/muzeumwarszawy.pl\\\/en\\\/warsaw-under-construction-festival\\\/\"]}]},{\"@type\":\"ImageObject\",\"inLanguage\":\"en-US\",\"@id\":\"https:\\\/\\\/muzeumwarszawy.pl\\\/en\\\/warsaw-under-construction-festival\\\/#primaryimage\",\"url\":\"https:\\\/\\\/muzeumwarszawy.pl\\\/wp-content\\\/uploads\\\/2023\\\/09\\\/WWB-2023_www_AKTUALNOSCI2.jpg\",\"contentUrl\":\"https:\\\/\\\/muzeumwarszawy.pl\\\/wp-content\\\/uploads\\\/2023\\\/09\\\/WWB-2023_www_AKTUALNOSCI2.jpg\",\"width\":1300,\"height\":870},{\"@type\":\"BreadcrumbList\",\"@id\":\"https:\\\/\\\/muzeumwarszawy.pl\\\/en\\\/warsaw-under-construction-festival\\\/#breadcrumb\",\"itemListElement\":[{\"@type\":\"ListItem\",\"position\":1,\"name\":\"Home\",\"item\":\"https:\\\/\\\/muzeumwarszawy.pl\\\/en\\\/\"},{\"@type\":\"ListItem\",\"position\":2,\"name\":\"WARSAW UNDER CONSTRUCTION Festival\u00a0\"}]},{\"@type\":\"WebSite\",\"@id\":\"https:\\\/\\\/muzeumwarszawy.pl\\\/#website\",\"url\":\"https:\\\/\\\/muzeumwarszawy.pl\\\/\",\"name\":\"Muzeum Warszawy\",\"description\":\"Od 80 lat misj\u0105 Muzeum Warszawy jest gromadzenie, przechowywanie, opracowywanie i udost\u0119pnianie zbior\u00f3w zwi\u0105zanych z Warszaw\u0105. Prowadz\u0105c dzia\u0142alno\u015b\u0107 wystawiennicz\u0105, badawcz\u0105, wydawnicz\u0105, edukacyjn\u0105 oraz kulturaln\u0105, muzeum towarzyszy odbiorcom w poznawaniu fenomenu Warszawy.\",\"publisher\":{\"@id\":\"https:\\\/\\\/muzeumwarszawy.pl\\\/#organization\"},\"potentialAction\":[{\"@type\":\"SearchAction\",\"target\":{\"@type\":\"EntryPoint\",\"urlTemplate\":\"https:\\\/\\\/muzeumwarszawy.pl\\\/?s={search_term_string}\"},\"query-input\":{\"@type\":\"PropertyValueSpecification\",\"valueRequired\":true,\"valueName\":\"search_term_string\"}}],\"inLanguage\":\"en-US\"},{\"@type\":\"Organization\",\"@id\":\"https:\\\/\\\/muzeumwarszawy.pl\\\/#organization\",\"name\":\"Muzeum Warszawy\",\"url\":\"https:\\\/\\\/muzeumwarszawy.pl\\\/\",\"logo\":{\"@type\":\"ImageObject\",\"inLanguage\":\"en-US\",\"@id\":\"https:\\\/\\\/muzeumwarszawy.pl\\\/#\\\/schema\\\/logo\\\/image\\\/\",\"url\":\"https:\\\/\\\/muzeumwarszawy.pl\\\/wp-content\\\/uploads\\\/2019\\\/09\\\/mw_logo.png\",\"contentUrl\":\"https:\\\/\\\/muzeumwarszawy.pl\\\/wp-content\\\/uploads\\\/2019\\\/09\\\/mw_logo.png\",\"width\":900,\"height\":900,\"caption\":\"Muzeum Warszawy\"},\"image\":{\"@id\":\"https:\\\/\\\/muzeumwarszawy.pl\\\/#\\\/schema\\\/logo\\\/image\\\/\"},\"sameAs\":[\"https:\\\/\\\/www.facebook.com\\\/muzeum.warszawy\\\/\",\"https:\\\/\\\/x.com\\\/muzeumwarszawy\",\"https:\\\/\\\/www.instagram.com\\\/muzeumwarszawy\\\/\",\"https:\\\/\\\/www.youtube.com\\\/channel\\\/UCcpFm6UFnUofszAU6bSGEng\\\/featured\",\"https:\\\/\\\/pl.wikipedia.org\\\/wiki\\\/Muzeum_Warszawy\"]},{\"@type\":\"Person\",\"@id\":\"https:\\\/\\\/muzeumwarszawy.pl\\\/#\\\/schema\\\/person\\\/dab10ff664ee014cab96a3e0dfc32801\",\"name\":\"mwadmin\",\"url\":\"https:\\\/\\\/muzeumwarszawy.pl\\\/en\\\/author\\\/mwadmin\\\/\"}]}<\/script>\n<!-- \/ Yoast SEO plugin. -->","yoast_head_json":{"title":"WARSAW UNDER CONSTRUCTION Festival\u00a0 | Muzeum Warszawy","description":"The 15th edition of WARSAW UNDER CONSTRUCTION \u201dThe Cold Days Are Over\u201d looks at the development of Warsaw\u2019s temperature consciousness.","robots":{"index":"index","follow":"follow","max-snippet":"max-snippet:-1","max-image-preview":"max-image-preview:large","max-video-preview":"max-video-preview:-1"},"canonical":"https:\/\/muzeumwarszawy.pl\/en\/warsaw-under-construction-festival\/","og_locale":"en_US","og_type":"article","og_title":"WARSAW UNDER CONSTRUCTION Festival\u00a0 | Muzeum Warszawy","og_description":"The 15th edition of WARSAW UNDER CONSTRUCTION \u201dThe Cold Days Are Over\u201d looks at the development of Warsaw\u2019s temperature consciousness.","og_url":"https:\/\/muzeumwarszawy.pl\/en\/warsaw-under-construction-festival\/","og_site_name":"Muzeum Warszawy","article_publisher":"https:\/\/www.facebook.com\/muzeum.warszawy\/","article_published_time":"2023-09-19T13:52:04+00:00","article_modified_time":"2024-03-18T14:36:33+00:00","og_image":[{"width":1300,"height":870,"url":"https:\/\/muzeumwarszawy.pl\/wp-content\/uploads\/2023\/09\/WWB-2023_www_AKTUALNOSCI2.jpg","type":"image\/jpeg"}],"author":"mwadmin","twitter_card":"summary_large_image","twitter_creator":"@muzeumwarszawy","twitter_site":"@muzeumwarszawy","twitter_misc":{"Written by":"mwadmin","Est. reading time":"2 minutes"},"schema":{"@context":"https:\/\/schema.org","@graph":[{"@type":"Article","@id":"https:\/\/muzeumwarszawy.pl\/en\/warsaw-under-construction-festival\/#article","isPartOf":{"@id":"https:\/\/muzeumwarszawy.pl\/en\/warsaw-under-construction-festival\/"},"author":{"name":"mwadmin","@id":"https:\/\/muzeumwarszawy.pl\/#\/schema\/person\/dab10ff664ee014cab96a3e0dfc32801"},"headline":"WARSAW UNDER CONSTRUCTION Festival\u00a0","datePublished":"2023-09-19T13:52:04+00:00","dateModified":"2024-03-18T14:36:33+00:00","mainEntityOfPage":{"@id":"https:\/\/muzeumwarszawy.pl\/en\/warsaw-under-construction-festival\/"},"wordCount":174,"publisher":{"@id":"https:\/\/muzeumwarszawy.pl\/#organization"},"image":{"@id":"https:\/\/muzeumwarszawy.pl\/en\/warsaw-under-construction-festival\/#primaryimage"},"thumbnailUrl":"https:\/\/muzeumwarszawy.pl\/wp-content\/uploads\/2023\/09\/WWB-2023_www_AKTUALNOSCI2.jpg","articleSection":["News","The Wola Museum"],"inLanguage":"en-US"},{"@type":"WebPage","@id":"https:\/\/muzeumwarszawy.pl\/en\/warsaw-under-construction-festival\/","url":"https:\/\/muzeumwarszawy.pl\/en\/warsaw-under-construction-festival\/","name":"WARSAW UNDER CONSTRUCTION Festival\u00a0 | Muzeum Warszawy","isPartOf":{"@id":"https:\/\/muzeumwarszawy.pl\/#website"},"primaryImageOfPage":{"@id":"https:\/\/muzeumwarszawy.pl\/en\/warsaw-under-construction-festival\/#primaryimage"},"image":{"@id":"https:\/\/muzeumwarszawy.pl\/en\/warsaw-under-construction-festival\/#primaryimage"},"thumbnailUrl":"https:\/\/muzeumwarszawy.pl\/wp-content\/uploads\/2023\/09\/WWB-2023_www_AKTUALNOSCI2.jpg","datePublished":"2023-09-19T13:52:04+00:00","dateModified":"2024-03-18T14:36:33+00:00","description":"The 15th edition of WARSAW UNDER CONSTRUCTION \u201dThe Cold Days Are Over\u201d looks at the development of Warsaw\u2019s temperature consciousness.","breadcrumb":{"@id":"https:\/\/muzeumwarszawy.pl\/en\/warsaw-under-construction-festival\/#breadcrumb"},"inLanguage":"en-US","potentialAction":[{"@type":"ReadAction","target":["https:\/\/muzeumwarszawy.pl\/en\/warsaw-under-construction-festival\/"]}]},{"@type":"ImageObject","inLanguage":"en-US","@id":"https:\/\/muzeumwarszawy.pl\/en\/warsaw-under-construction-festival\/#primaryimage","url":"https:\/\/muzeumwarszawy.pl\/wp-content\/uploads\/2023\/09\/WWB-2023_www_AKTUALNOSCI2.jpg","contentUrl":"https:\/\/muzeumwarszawy.pl\/wp-content\/uploads\/2023\/09\/WWB-2023_www_AKTUALNOSCI2.jpg","width":1300,"height":870},{"@type":"BreadcrumbList","@id":"https:\/\/muzeumwarszawy.pl\/en\/warsaw-under-construction-festival\/#breadcrumb","itemListElement":[{"@type":"ListItem","position":1,"name":"Home","item":"https:\/\/muzeumwarszawy.pl\/en\/"},{"@type":"ListItem","position":2,"name":"WARSAW UNDER CONSTRUCTION Festival\u00a0"}]},{"@type":"WebSite","@id":"https:\/\/muzeumwarszawy.pl\/#website","url":"https:\/\/muzeumwarszawy.pl\/","name":"Muzeum Warszawy","description":"Od 80 lat misj\u0105 Muzeum Warszawy jest gromadzenie, przechowywanie, opracowywanie i udost\u0119pnianie zbior\u00f3w zwi\u0105zanych z Warszaw\u0105. Prowadz\u0105c dzia\u0142alno\u015b\u0107 wystawiennicz\u0105, badawcz\u0105, wydawnicz\u0105, edukacyjn\u0105 oraz kulturaln\u0105, muzeum towarzyszy odbiorcom w poznawaniu fenomenu Warszawy.","publisher":{"@id":"https:\/\/muzeumwarszawy.pl\/#organization"},"potentialAction":[{"@type":"SearchAction","target":{"@type":"EntryPoint","urlTemplate":"https:\/\/muzeumwarszawy.pl\/?s={search_term_string}"},"query-input":{"@type":"PropertyValueSpecification","valueRequired":true,"valueName":"search_term_string"}}],"inLanguage":"en-US"},{"@type":"Organization","@id":"https:\/\/muzeumwarszawy.pl\/#organization","name":"Muzeum Warszawy","url":"https:\/\/muzeumwarszawy.pl\/","logo":{"@type":"ImageObject","inLanguage":"en-US","@id":"https:\/\/muzeumwarszawy.pl\/#\/schema\/logo\/image\/","url":"https:\/\/muzeumwarszawy.pl\/wp-content\/uploads\/2019\/09\/mw_logo.png","contentUrl":"https:\/\/muzeumwarszawy.pl\/wp-content\/uploads\/2019\/09\/mw_logo.png","width":900,"height":900,"caption":"Muzeum Warszawy"},"image":{"@id":"https:\/\/muzeumwarszawy.pl\/#\/schema\/logo\/image\/"},"sameAs":["https:\/\/www.facebook.com\/muzeum.warszawy\/","https:\/\/x.com\/muzeumwarszawy","https:\/\/www.instagram.com\/muzeumwarszawy\/","https:\/\/www.youtube.com\/channel\/UCcpFm6UFnUofszAU6bSGEng\/featured","https:\/\/pl.wikipedia.org\/wiki\/Muzeum_Warszawy"]},{"@type":"Person","@id":"https:\/\/muzeumwarszawy.pl\/#\/schema\/person\/dab10ff664ee014cab96a3e0dfc32801","name":"mwadmin","url":"https:\/\/muzeumwarszawy.pl\/en\/author\/mwadmin\/"}]}},"_links":{"self":[{"href":"https:\/\/muzeumwarszawy.pl\/en\/wp-json\/wp\/v2\/posts\/83152","targetHints":{"allow":["GET"]}}],"collection":[{"href":"https:\/\/muzeumwarszawy.pl\/en\/wp-json\/wp\/v2\/posts"}],"about":[{"href":"https:\/\/muzeumwarszawy.pl\/en\/wp-json\/wp\/v2\/types\/post"}],"author":[{"embeddable":true,"href":"https:\/\/muzeumwarszawy.pl\/en\/wp-json\/wp\/v2\/users\/5"}],"replies":[{"embeddable":true,"href":"https:\/\/muzeumwarszawy.pl\/en\/wp-json\/wp\/v2\/comments?post=83152"}],"version-history":[{"count":23,"href":"https:\/\/muzeumwarszawy.pl\/en\/wp-json\/wp\/v2\/posts\/83152\/revisions"}],"predecessor-version":[{"id":85362,"href":"https:\/\/muzeumwarszawy.pl\/en\/wp-json\/wp\/v2\/posts\/83152\/revisions\/85362"}],"wp:featuredmedia":[{"embeddable":true,"href":"https:\/\/muzeumwarszawy.pl\/en\/wp-json\/wp\/v2\/media\/83238"}],"wp:attachment":[{"href":"https:\/\/muzeumwarszawy.pl\/en\/wp-json\/wp\/v2\/media?parent=83152"}],"wp:term":[{"taxonomy":"category","embeddable":true,"href":"https:\/\/muzeumwarszawy.pl\/en\/wp-json\/wp\/v2\/categories?post=83152"},{"taxonomy":"post_tag","embeddable":true,"href":"https:\/\/muzeumwarszawy.pl\/en\/wp-json\/wp\/v2\/tags?post=83152"}],"curies":[{"name":"wp","href":"https:\/\/api.w.org\/{rel}","templated":true}]}}