{"id":83948,"date":"2023-10-10T14:48:15","date_gmt":"2023-10-10T12:48:15","guid":{"rendered":"https:\/\/muzeumwarszawy.pl\/?p=83948"},"modified":"2024-07-31T11:06:52","modified_gmt":"2024-07-31T09:06:52","slug":"old-town-new-town-in-warsaw","status":"publish","type":"post","link":"https:\/\/muzeumwarszawy.pl\/en\/old-town-new-town-in-warsaw\/","title":{"rendered":"Old and New Town in Warsaw"},"content":{"rendered":"\t\t<div data-elementor-type=\"wp-post\" data-elementor-id=\"83948\" class=\"elementor elementor-83948\">\n\t\t\t\t\t\t<section class=\"elementor-section elementor-top-section elementor-element elementor-element-a439a3f elementor-section-boxed elementor-section-height-default elementor-section-height-default\" data-id=\"a439a3f\" data-element_type=\"section\" data-e-type=\"section\">\n\t\t\t\t\t\t<div class=\"elementor-container elementor-column-gap-default\">\n\t\t\t\t\t<div class=\"elementor-column elementor-col-100 elementor-top-column elementor-element elementor-element-db1b58c\" data-id=\"db1b58c\" data-element_type=\"column\" data-e-type=\"column\">\n\t\t\t<div class=\"elementor-widget-wrap elementor-element-populated\">\n\t\t\t\t\t\t<div class=\"elementor-element elementor-element-974ba05 elementor-widget elementor-widget-text-editor\" data-id=\"974ba05\" data-element_type=\"widget\" data-e-type=\"widget\" data-widget_type=\"text-editor.default\">\n\t\t\t\t<div class=\"elementor-widget-container\">\n\t\t\t\t\t\t\t\t\t<p><strong>Old Town. Walking tour. Warsaw&#8217;s historic quarter as an architectural miracle, an impressive tribute to the city\u2019s will to survive<\/strong>.<\/p><p>Theoretically The Old Town is the oldest part of the city, the place where the history of Warsaw began. In fact it is one of the youngest districts. Thanks to the efforts of all Poles, it was carefully rebuilt after total destruction during the Second World War. The phenomenon of this reconstruction makes it absolutely unique!<\/p><p>Let us take you for a walk and show you the results of the unbelievable reconstruction of Warsaw\u2019s Old Town. Compare the new buildings to the original pieces that survived. Feel the atmosphere of currently the most charming corner of the city.<\/p><h3>How to prepare?<\/h3><p>Bring headphones, a charged phone or take a powerbank, and put on comfortable shoes (cobblestones).<\/p><p><strong>Duration:<\/strong> about 1,5 &#8211; 2 hours<\/p><p><strong>For whom:<\/strong> English-speaking youth and adults curious about the history of Warsaw<\/p><p><strong>The beginning of the walk:<\/strong> Sigismund&#8217;s Column, a popular meeting place<\/p><p><strong>End of walk:<\/strong> Warsaw Uprising Monument<\/p><p>Find the starting point on the map \u2013 the Sigismund\u2019s Column. The map will help you to locate the other stops and places that we will talk about.\u00a0When you click on the map, you will find a list of stops, each one with a number and a different colour. \u00a0<\/p>\t\t\t\t\t\t\t\t<\/div>\n\t\t\t\t<\/div>\n\t\t\t\t<div class=\"elementor-element elementor-element-fd13928 elementor-widget elementor-widget-shortcode\" data-id=\"fd13928\" data-element_type=\"widget\" data-e-type=\"widget\" data-widget_type=\"shortcode.default\">\n\t\t\t\t<div class=\"elementor-widget-container\">\n\t\t\t\t\t\t\t<div class=\"elementor-shortcode\"><iframe src=\"https:\/\/www.google.com\/maps\/d\/u\/0\/embed?mid=1Lnx9KhD0Ai_MKr3vHprn8gFtf9mDklc&ehbc=2E312F\" width=\"640\" height=\"480\"><\/iframe><\/div>\n\t\t\t\t\t\t<\/div>\n\t\t\t\t<\/div>\n\t\t\t\t<div class=\"elementor-element elementor-element-881c3e7 elementor-widget elementor-widget-text-editor\" data-id=\"881c3e7\" data-element_type=\"widget\" data-e-type=\"widget\" data-widget_type=\"text-editor.default\">\n\t\t\t\t<div class=\"elementor-widget-container\">\n\t\t\t\t\t\t\t\t\t<p><strong>Author:<\/strong> Agnieszka Tomaszuk (Warsaw guide)<br \/><strong>Language consulting:<\/strong> Zofia Siwek<br \/><strong>Historical consulting:<\/strong> dr Krzysztof Zwierz<br \/><strong>Recording:<\/strong> Hanna Tomaszuk<br \/><strong>Lector:<\/strong> Michalina Soza\u0144ska<\/p>\t\t\t\t\t\t\t\t<\/div>\n\t\t\t\t<\/div>\n\t\t\t\t<div class=\"elementor-element elementor-element-c44f98f elementor-widget elementor-widget-heading\" data-id=\"c44f98f\" data-element_type=\"widget\" data-e-type=\"widget\" data-widget_type=\"heading.default\">\n\t\t\t\t<div class=\"elementor-widget-container\">\n\t\t\t\t\t<h2 class=\"elementor-heading-title elementor-size-default\">1. Sigismund\u2019s Column<\/h2>\t\t\t\t<\/div>\n\t\t\t\t<\/div>\n\t\t\t\t<div class=\"elementor-element elementor-element-18d7118 elementor-widget elementor-widget-text-editor\" data-id=\"18d7118\" data-element_type=\"widget\" data-e-type=\"widget\" data-widget_type=\"text-editor.default\">\n\t\t\t\t<div class=\"elementor-widget-container\">\n\t\t\t\t\t\t\t\t\t<p><audio class=\"wp-audio-shortcode\" id=\"audio-83948-1\" preload=\"none\" style=\"width: 100%;\" controls=\"controls\"><source type=\"audio\/mpeg\" src=\"https:\/\/muzeumwarszawy.pl\/wp-content\/uploads\/2023\/10\/sigismundscolumn.mp3?_=1\" \/><a href=\"https:\/\/muzeumwarszawy.pl\/wp-content\/uploads\/2023\/10\/sigismundscolumn.mp3\">https:\/\/muzeumwarszawy.pl\/wp-content\/uploads\/2023\/10\/sigismundscolumn.mp3<\/a><\/audio><\/p>\t\t\t\t\t\t\t\t<\/div>\n\t\t\t\t<\/div>\n\t\t\t\t<div class=\"elementor-element elementor-element-204a189 elementor-widget elementor-widget-image\" data-id=\"204a189\" data-element_type=\"widget\" data-e-type=\"widget\" data-widget_type=\"image.default\">\n\t\t\t\t<div class=\"elementor-widget-container\">\n\t\t\t\t\t\t\t\t\t\t\t\t<figure class=\"wp-caption\">\n\t\t\t\t\t\t\t\t\t\t<img fetchpriority=\"high\" decoding=\"async\" width=\"1920\" height=\"1293\" src=\"https:\/\/muzeumwarszawy.pl\/wp-content\/uploads\/2023\/10\/Zniszczona-kolumna-Zygmunta-na-tle-ruin-Zamku-Krolewskiego-2-1920x1293.jpg\" class=\"attachment-large size-large wp-image-83966\" alt=\"\" srcset=\"https:\/\/muzeumwarszawy.pl\/wp-content\/uploads\/2023\/10\/Zniszczona-kolumna-Zygmunta-na-tle-ruin-Zamku-Krolewskiego-2-1920x1293.jpg 1920w, https:\/\/muzeumwarszawy.pl\/wp-content\/uploads\/2023\/10\/Zniszczona-kolumna-Zygmunta-na-tle-ruin-Zamku-Krolewskiego-2-300x202.jpg 300w, https:\/\/muzeumwarszawy.pl\/wp-content\/uploads\/2023\/10\/Zniszczona-kolumna-Zygmunta-na-tle-ruin-Zamku-Krolewskiego-2-768x517.jpg 768w, https:\/\/muzeumwarszawy.pl\/wp-content\/uploads\/2023\/10\/Zniszczona-kolumna-Zygmunta-na-tle-ruin-Zamku-Krolewskiego-2-1536x1035.jpg 1536w, https:\/\/muzeumwarszawy.pl\/wp-content\/uploads\/2023\/10\/Zniszczona-kolumna-Zygmunta-na-tle-ruin-Zamku-Krolewskiego-2-2048x1380.jpg 2048w, https:\/\/muzeumwarszawy.pl\/wp-content\/uploads\/2023\/10\/Zniszczona-kolumna-Zygmunta-na-tle-ruin-Zamku-Krolewskiego-2-650x438.jpg 650w\" sizes=\"(max-width: 1920px) 100vw, 1920px\" \/>\t\t\t\t\t\t\t\t\t\t\t<figcaption class=\"widget-image-caption wp-caption-text\">Destroyed Sigismund Column with the ruins of the Royal Castle in the background, Sylwester Braun aka Kris, February 1945, Museum of Warsaw collection<\/figcaption>\n\t\t\t\t\t\t\t\t\t\t<\/figure>\n\t\t\t\t\t\t\t\t\t<\/div>\n\t\t\t\t<\/div>\n\t\t\t\t<div class=\"elementor-element elementor-element-83b6ed9 elementor-widget elementor-widget-toggle\" data-id=\"83b6ed9\" data-element_type=\"widget\" data-e-type=\"widget\" data-widget_type=\"toggle.default\">\n\t\t\t\t<div class=\"elementor-widget-container\">\n\t\t\t\t\t\t\t<div class=\"elementor-toggle\">\n\t\t\t\t\t\t\t<div class=\"elementor-toggle-item\">\n\t\t\t\t\t<div id=\"elementor-tab-title-1381\" class=\"elementor-tab-title\" data-tab=\"1\" role=\"button\" aria-controls=\"elementor-tab-content-1381\" aria-expanded=\"false\">\n\t\t\t\t\t\t\t\t\t\t\t\t<span class=\"elementor-toggle-icon elementor-toggle-icon-left\" aria-hidden=\"true\">\n\t\t\t\t\t\t\t\t\t\t\t\t\t\t\t<span class=\"elementor-toggle-icon-closed\"><i class=\"fas fa-caret-right\"><\/i><\/span>\n\t\t\t\t\t\t\t\t<span class=\"elementor-toggle-icon-opened\"><i class=\"elementor-toggle-icon-opened fas fa-caret-up\"><\/i><\/span>\n\t\t\t\t\t\t\t\t\t\t\t\t\t<\/span>\n\t\t\t\t\t\t\t\t\t\t\t\t<a class=\"elementor-toggle-title\" tabindex=\"0\">Transcript<\/a>\n\t\t\t\t\t<\/div>\n\n\t\t\t\t\t<div id=\"elementor-tab-content-1381\" class=\"elementor-tab-content elementor-clearfix\" data-tab=\"1\" role=\"region\" aria-labelledby=\"elementor-tab-title-1381\"><p>The beginnings of Warsaw date back to the turn of the 13th and 14th centuries. Due to its\u00a0 convenient location, mainly rich merchants settled in Old Warsaw on the trade route from the Black Sea to the Baltic Sea.<\/p><p>It was a time when the Duchy of Mazovia existed in this area. It was incorporated into the Polish Kingdom just at the beginning of the 16th century. However, in the middle of this century, an important event took place &#8211; the Polish-Lithuanian Commonwealth was established. Both countries were connected, and this allowed this small, trading town Warsaw to become the seat of the Polish-Lithuanian parliament. Later on, it became the capital of the whole country. Who did it? Who moved the capital from Cracow to Warsaw? Look at the high monument and the statue on the top.<\/p><p>This is the so-called Sigismund\u2019s Column. On the top there is a statue of King Sigismund III Vasa, who in late 1500s moved Poland\u2019s capital here. But did he change the capital, as it is popularly said? In fact, he only made Warsaw the residence city of Polish rulers from his times.\u00a0 Yet it resulted in finally making Warsaw the capital city. What was the reason for that change? More convenient, central location.\u00a0 Between Cracow and Vilnius. Some say that he wanted to be closer to Sweden, which was his birth place. He was in fact a son of the Swedish king. The monument was erected in 1644 and it was the first secular statue in the form of a column in modern history.<\/p><p>The column survived the beginning of World War II and almost the entire occupation. It collapsed during the Warsaw Uprising, when on the first night of September 1944, it was hit by a German tank gun. The shaft fell apart. King Sigismund\u2018s statue returned to Castle Square in 1949. It stood against the ruins of the Old Town as a symbol of the rebirth of the city.<\/p><\/div>\n\t\t\t\t<\/div>\n\t\t\t\t\t\t\t<div class=\"elementor-toggle-item\">\n\t\t\t\t\t<div id=\"elementor-tab-title-1382\" class=\"elementor-tab-title\" data-tab=\"2\" role=\"button\" aria-controls=\"elementor-tab-content-1382\" aria-expanded=\"false\">\n\t\t\t\t\t\t\t\t\t\t\t\t<span class=\"elementor-toggle-icon elementor-toggle-icon-left\" aria-hidden=\"true\">\n\t\t\t\t\t\t\t\t\t\t\t\t\t\t\t<span class=\"elementor-toggle-icon-closed\"><i class=\"fas fa-caret-right\"><\/i><\/span>\n\t\t\t\t\t\t\t\t<span class=\"elementor-toggle-icon-opened\"><i class=\"elementor-toggle-icon-opened fas fa-caret-up\"><\/i><\/span>\n\t\t\t\t\t\t\t\t\t\t\t\t\t<\/span>\n\t\t\t\t\t\t\t\t\t\t\t\t<a class=\"elementor-toggle-title\" tabindex=\"0\">Find out more<\/a>\n\t\t\t\t\t<\/div>\n\n\t\t\t\t\t<div id=\"elementor-tab-content-1382\" class=\"elementor-tab-content elementor-clearfix\" data-tab=\"2\" role=\"region\" aria-labelledby=\"elementor-tab-title-1382\"><p>The shaft of the column, damaged during the war, lies on the ground next to the Royal Castle, on its right side (close to W-Z Route). Next to it lies the first shaft of the column which was replaced because of its poor condition. You can go there and even touch both shafts. The statue of King Sigismund, despite falling from a height, survived, although some individual parts were damaged.<\/p><p>The statue of the king on the present monument is placed very high, it is difficult to see it. Fortunately numerous miniatures of the monument were made. They could be given, for example, as a souvenir. Thanks to such miniatures, we can see the details of the statue.<\/p><div id=\"attachment_83978\" style=\"width: 1719px\" class=\"wp-caption alignnone\"><a href=\"https:\/\/muzeumwarszawy.pl\/en\/?attachment_id=83978\" rel=\"attachment wp-att-83978\"><img decoding=\"async\" aria-describedby=\"caption-attachment-83978\" src=\"https:\/\/muzeumwarszawy.pl\/wp-content\/uploads\/2023\/10\/Miniatura-pomnika-Zygmunta-III-Wazy-2-scaled.jpg\" alt=\"\" width=\"1709\" height=\"2560\" \/><\/a><p id=\"caption-attachment-83978\" class=\"wp-caption-text\"><span style=\"font-family: FF Good Pro Italic;\">Portrait miniature of the statue of King Sigismund III Vasa, Constantino Tencalla, Clemente Molli, Daniel Tym, late 19th century, photo: M. Matyjaszewski, A. Niakrasau, Museum of Warsaw collection\u00a0<\/span><\/p><\/div><\/div>\n\t\t\t\t<\/div>\n\t\t\t\t\t\t\t\t<\/div>\n\t\t\t\t\t\t<\/div>\n\t\t\t\t<\/div>\n\t\t\t\t<div class=\"elementor-element elementor-element-853d2b3 elementor-widget elementor-widget-heading\" data-id=\"853d2b3\" data-element_type=\"widget\" data-e-type=\"widget\" data-widget_type=\"heading.default\">\n\t\t\t\t<div class=\"elementor-widget-container\">\n\t\t\t\t\t<h2 class=\"elementor-heading-title elementor-size-default\">2. Tunnel of W-Z Route and escalators<\/h2>\t\t\t\t<\/div>\n\t\t\t\t<\/div>\n\t\t\t\t<div class=\"elementor-element elementor-element-0454acb elementor-widget elementor-widget-image\" data-id=\"0454acb\" data-element_type=\"widget\" data-e-type=\"widget\" data-widget_type=\"image.default\">\n\t\t\t\t<div class=\"elementor-widget-container\">\n\t\t\t\t\t\t\t\t\t\t\t\t<figure class=\"wp-caption\">\n\t\t\t\t\t\t\t\t\t\t<img decoding=\"async\" width=\"1514\" height=\"1500\" src=\"https:\/\/muzeumwarszawy.pl\/wp-content\/uploads\/2023\/10\/Wylot-tunelu-Trasy-W-Z-przy-placu-Zamkowym-1514x1500.jpg\" class=\"attachment-large size-large wp-image-83999\" alt=\"\" srcset=\"https:\/\/muzeumwarszawy.pl\/wp-content\/uploads\/2023\/10\/Wylot-tunelu-Trasy-W-Z-przy-placu-Zamkowym-1514x1500.jpg 1514w, https:\/\/muzeumwarszawy.pl\/wp-content\/uploads\/2023\/10\/Wylot-tunelu-Trasy-W-Z-przy-placu-Zamkowym-300x297.jpg 300w, https:\/\/muzeumwarszawy.pl\/wp-content\/uploads\/2023\/10\/Wylot-tunelu-Trasy-W-Z-przy-placu-Zamkowym-768x761.jpg 768w, https:\/\/muzeumwarszawy.pl\/wp-content\/uploads\/2023\/10\/Wylot-tunelu-Trasy-W-Z-przy-placu-Zamkowym-1536x1522.jpg 1536w, https:\/\/muzeumwarszawy.pl\/wp-content\/uploads\/2023\/10\/Wylot-tunelu-Trasy-W-Z-przy-placu-Zamkowym-2048x2029.jpg 2048w, https:\/\/muzeumwarszawy.pl\/wp-content\/uploads\/2023\/10\/Wylot-tunelu-Trasy-W-Z-przy-placu-Zamkowym-650x644.jpg 650w\" sizes=\"(max-width: 1514px) 100vw, 1514px\" \/>\t\t\t\t\t\t\t\t\t\t\t<figcaption class=\"widget-image-caption wp-caption-text\">Exit of the W-Z Route tunnel by the Zamkowy Square, Edward Hartwig, ca 1953, Museum of Warsaw collection<\/figcaption>\n\t\t\t\t\t\t\t\t\t\t<\/figure>\n\t\t\t\t\t\t\t\t\t<\/div>\n\t\t\t\t<\/div>\n\t\t\t\t<div class=\"elementor-element elementor-element-ccd4f72 elementor-widget elementor-widget-text-editor\" data-id=\"ccd4f72\" data-element_type=\"widget\" data-e-type=\"widget\" data-widget_type=\"text-editor.default\">\n\t\t\t\t<div class=\"elementor-widget-container\">\n\t\t\t\t\t\t\t\t\t<p><audio class=\"wp-audio-shortcode\" id=\"audio-83948-2\" preload=\"none\" style=\"width: 100%;\" controls=\"controls\"><source type=\"audio\/mpeg\" src=\"https:\/\/muzeumwarszawy.pl\/wp-content\/uploads\/2023\/10\/wzrouteescalators_01.mp3?_=2\" \/><a href=\"https:\/\/muzeumwarszawy.pl\/wp-content\/uploads\/2023\/10\/wzrouteescalators_01.mp3\">https:\/\/muzeumwarszawy.pl\/wp-content\/uploads\/2023\/10\/wzrouteescalators_01.mp3<\/a><\/audio><\/p>\t\t\t\t\t\t\t\t<\/div>\n\t\t\t\t<\/div>\n\t\t\t\t<div class=\"elementor-element elementor-element-c61b5b8 elementor-widget elementor-widget-toggle\" data-id=\"c61b5b8\" data-element_type=\"widget\" data-e-type=\"widget\" data-widget_type=\"toggle.default\">\n\t\t\t\t<div class=\"elementor-widget-container\">\n\t\t\t\t\t\t\t<div class=\"elementor-toggle\">\n\t\t\t\t\t\t\t<div class=\"elementor-toggle-item\">\n\t\t\t\t\t<div id=\"elementor-tab-title-2071\" class=\"elementor-tab-title\" data-tab=\"1\" role=\"button\" aria-controls=\"elementor-tab-content-2071\" aria-expanded=\"false\">\n\t\t\t\t\t\t\t\t\t\t\t\t<span class=\"elementor-toggle-icon elementor-toggle-icon-left\" aria-hidden=\"true\">\n\t\t\t\t\t\t\t\t\t\t\t\t\t\t\t<span class=\"elementor-toggle-icon-closed\"><i class=\"fas fa-caret-right\"><\/i><\/span>\n\t\t\t\t\t\t\t\t<span class=\"elementor-toggle-icon-opened\"><i class=\"elementor-toggle-icon-opened fas fa-caret-up\"><\/i><\/span>\n\t\t\t\t\t\t\t\t\t\t\t\t\t<\/span>\n\t\t\t\t\t\t\t\t\t\t\t\t<a class=\"elementor-toggle-title\" tabindex=\"0\">Transcript<\/a>\n\t\t\t\t\t<\/div>\n\n\t\t\t\t\t<div id=\"elementor-tab-content-2071\" class=\"elementor-tab-content elementor-clearfix\" data-tab=\"1\" role=\"region\" aria-labelledby=\"elementor-tab-title-2071\"><p>If you are standing looking at the column, then there is a building behind you. Go inside and you will find the escalators. They are part of the route called W-Z (\u201eW\u201d stands for east and \u201eZ\u201d for west) Go down the stairs to see it.<\/p><p>The post-war reconstruction was an opportunity to fill the gaps in the pre-war city. One of the problems in terms of communication was the lack of a convenient connection on the east-west line. So the construction of the new artery started. It was built partly in a tunnel, which was made using the opencast method. This was allowed by the scale of destruction of the buildings standing above. They were dismantled and then reconstructed. The route was ready in 1949, together with the escalators connecting the street level with the Castle Square. Today, we have escalators everywhere. But in those days, after the war, there were no such stairs in Poland yet! So the escalators immediately became a tourist attraction.<\/p><p>The entire construction of this route was one of the largest investment in the first years after the war. The decorations of it are also a perfect illustration of the so called \u201esocialist realism\u201d, propaganda art. Take escalators down and find two bas-reliefs located by the escalators that are a great example of the style from the beginning of the communist period. And come back, upstairs, to the Sigismund\u2019s column.<\/p><\/div>\n\t\t\t\t<\/div>\n\t\t\t\t\t\t\t<div class=\"elementor-toggle-item\">\n\t\t\t\t\t<div id=\"elementor-tab-title-2072\" class=\"elementor-tab-title\" data-tab=\"2\" role=\"button\" aria-controls=\"elementor-tab-content-2072\" aria-expanded=\"false\">\n\t\t\t\t\t\t\t\t\t\t\t\t<span class=\"elementor-toggle-icon elementor-toggle-icon-left\" aria-hidden=\"true\">\n\t\t\t\t\t\t\t\t\t\t\t\t\t\t\t<span class=\"elementor-toggle-icon-closed\"><i class=\"fas fa-caret-right\"><\/i><\/span>\n\t\t\t\t\t\t\t\t<span class=\"elementor-toggle-icon-opened\"><i class=\"elementor-toggle-icon-opened fas fa-caret-up\"><\/i><\/span>\n\t\t\t\t\t\t\t\t\t\t\t\t\t<\/span>\n\t\t\t\t\t\t\t\t\t\t\t\t<a class=\"elementor-toggle-title\" tabindex=\"0\">Find out more<\/a>\n\t\t\t\t\t<\/div>\n\n\t\t\t\t\t<div id=\"elementor-tab-content-2072\" class=\"elementor-tab-content elementor-clearfix\" data-tab=\"2\" role=\"region\" aria-labelledby=\"elementor-tab-title-2072\"><p>Cigarette smoking in the middle of the twentieth century was very popular and widespread. Because of that, the packages became something more than just packages, they had their own message. In communist Poland, they included propaganda contents. The packaging of cigarettes was used to talk about the idea of rebuilding the capital. In honor of the W-Z Route built in 1947-1949, a brand of cigarettes was created.<\/p><div id=\"attachment_84009\" style=\"width: 2260px\" class=\"wp-caption alignnone\"><a href=\"https:\/\/muzeumwarszawy.pl\/en\/?attachment_id=84009\" rel=\"attachment wp-att-84009\"><img loading=\"lazy\" decoding=\"async\" aria-describedby=\"caption-attachment-84009\" class=\"size-full wp-image-84009\" src=\"https:\/\/muzeumwarszawy.pl\/wp-content\/uploads\/2023\/10\/Opakowanie-po-papierosach-W-Z-1-scaled.jpg\" alt=\"\" width=\"2250\" height=\"2560\" srcset=\"https:\/\/muzeumwarszawy.pl\/wp-content\/uploads\/2023\/10\/Opakowanie-po-papierosach-W-Z-1-scaled.jpg 2250w, https:\/\/muzeumwarszawy.pl\/wp-content\/uploads\/2023\/10\/Opakowanie-po-papierosach-W-Z-1-264x300.jpg 264w, https:\/\/muzeumwarszawy.pl\/wp-content\/uploads\/2023\/10\/Opakowanie-po-papierosach-W-Z-1-1318x1500.jpg 1318w, https:\/\/muzeumwarszawy.pl\/wp-content\/uploads\/2023\/10\/Opakowanie-po-papierosach-W-Z-1-768x874.jpg 768w, https:\/\/muzeumwarszawy.pl\/wp-content\/uploads\/2023\/10\/Opakowanie-po-papierosach-W-Z-1-1350x1536.jpg 1350w, https:\/\/muzeumwarszawy.pl\/wp-content\/uploads\/2023\/10\/Opakowanie-po-papierosach-W-Z-1-1800x2048.jpg 1800w, https:\/\/muzeumwarszawy.pl\/wp-content\/uploads\/2023\/10\/Opakowanie-po-papierosach-W-Z-1-615x700.jpg 615w\" sizes=\"(max-width: 2250px) 100vw, 2250px\" \/><\/a><p id=\"caption-attachment-84009\" class=\"wp-caption-text\"><em>Exit of the W-Z Route tunnel by the Zamkowy Square, Edward Hartwig, ca 1953, photo: I. Ole\u015b, Museum of Warsaw collection<\/em><\/p><\/div><\/div>\n\t\t\t\t<\/div>\n\t\t\t\t\t\t\t\t<\/div>\n\t\t\t\t\t\t<\/div>\n\t\t\t\t<\/div>\n\t\t\t\t<div class=\"elementor-element elementor-element-77579a1 elementor-widget elementor-widget-heading\" data-id=\"77579a1\" data-element_type=\"widget\" data-e-type=\"widget\" data-widget_type=\"heading.default\">\n\t\t\t\t<div class=\"elementor-widget-container\">\n\t\t\t\t\t<h2 class=\"elementor-heading-title elementor-size-default\">3. UNESCO stand<\/h2>\t\t\t\t<\/div>\n\t\t\t\t<\/div>\n\t\t\t\t<div class=\"elementor-element elementor-element-bf7eaf7 elementor-widget elementor-widget-text-editor\" data-id=\"bf7eaf7\" data-element_type=\"widget\" data-e-type=\"widget\" data-widget_type=\"text-editor.default\">\n\t\t\t\t<div class=\"elementor-widget-container\">\n\t\t\t\t\t\t\t\t\t<p>If you are already at Sigismund&#8217;s column again, go now towards the city walls. Such a post as in the picture below, will show you the direction.<\/p>\t\t\t\t\t\t\t\t<\/div>\n\t\t\t\t<\/div>\n\t\t\t\t<div class=\"elementor-element elementor-element-683cd3a elementor-widget elementor-widget-image\" data-id=\"683cd3a\" data-element_type=\"widget\" data-e-type=\"widget\" data-widget_type=\"image.default\">\n\t\t\t\t<div class=\"elementor-widget-container\">\n\t\t\t\t\t\t\t\t\t\t\t\t<figure class=\"wp-caption\">\n\t\t\t\t\t\t\t\t\t\t<img loading=\"lazy\" decoding=\"async\" width=\"840\" height=\"1500\" src=\"https:\/\/muzeumwarszawy.pl\/wp-content\/uploads\/2023\/10\/slupek-heritage-840x1500.jpg\" class=\"attachment-large size-large wp-image-84057\" alt=\"\" srcset=\"https:\/\/muzeumwarszawy.pl\/wp-content\/uploads\/2023\/10\/slupek-heritage-840x1500.jpg 840w, https:\/\/muzeumwarszawy.pl\/wp-content\/uploads\/2023\/10\/slupek-heritage-168x300.jpg 168w, https:\/\/muzeumwarszawy.pl\/wp-content\/uploads\/2023\/10\/slupek-heritage-768x1371.jpg 768w, https:\/\/muzeumwarszawy.pl\/wp-content\/uploads\/2023\/10\/slupek-heritage-860x1536.jpg 860w, https:\/\/muzeumwarszawy.pl\/wp-content\/uploads\/2023\/10\/slupek-heritage-1147x2048.jpg 1147w, https:\/\/muzeumwarszawy.pl\/wp-content\/uploads\/2023\/10\/slupek-heritage-392x700.jpg 392w, https:\/\/muzeumwarszawy.pl\/wp-content\/uploads\/2023\/10\/slupek-heritage-scaled.jpg 1434w\" sizes=\"(max-width: 840px) 100vw, 840px\" \/>\t\t\t\t\t\t\t\t\t\t\t<figcaption class=\"widget-image-caption wp-caption-text\">Photo: Tomasz Tomaszuk<\/figcaption>\n\t\t\t\t\t\t\t\t\t\t<\/figure>\n\t\t\t\t\t\t\t\t\t<\/div>\n\t\t\t\t<\/div>\n\t\t\t\t<div class=\"elementor-element elementor-element-972283d elementor-widget elementor-widget-text-editor\" data-id=\"972283d\" data-element_type=\"widget\" data-e-type=\"widget\" data-widget_type=\"text-editor.default\">\n\t\t\t\t<div class=\"elementor-widget-container\">\n\t\t\t\t\t\t\t\t\t<p><audio class=\"wp-audio-shortcode\" id=\"audio-83948-3\" preload=\"none\" style=\"width: 100%;\" controls=\"controls\"><source type=\"audio\/mpeg\" src=\"https:\/\/muzeumwarszawy.pl\/wp-content\/uploads\/2023\/10\/unescostand.mp3?_=3\" \/><a href=\"https:\/\/muzeumwarszawy.pl\/wp-content\/uploads\/2023\/10\/unescostand.mp3\">https:\/\/muzeumwarszawy.pl\/wp-content\/uploads\/2023\/10\/unescostand.mp3<\/a><\/audio><\/p>\t\t\t\t\t\t\t\t<\/div>\n\t\t\t\t<\/div>\n\t\t\t\t<div class=\"elementor-element elementor-element-18dbb2c elementor-widget elementor-widget-toggle\" data-id=\"18dbb2c\" data-element_type=\"widget\" data-e-type=\"widget\" data-widget_type=\"toggle.default\">\n\t\t\t\t<div class=\"elementor-widget-container\">\n\t\t\t\t\t\t\t<div class=\"elementor-toggle\">\n\t\t\t\t\t\t\t<div class=\"elementor-toggle-item\">\n\t\t\t\t\t<div id=\"elementor-tab-title-2601\" class=\"elementor-tab-title\" data-tab=\"1\" role=\"button\" aria-controls=\"elementor-tab-content-2601\" aria-expanded=\"false\">\n\t\t\t\t\t\t\t\t\t\t\t\t<span class=\"elementor-toggle-icon elementor-toggle-icon-left\" aria-hidden=\"true\">\n\t\t\t\t\t\t\t\t\t\t\t\t\t\t\t<span class=\"elementor-toggle-icon-closed\"><i class=\"fas fa-caret-right\"><\/i><\/span>\n\t\t\t\t\t\t\t\t<span class=\"elementor-toggle-icon-opened\"><i class=\"elementor-toggle-icon-opened fas fa-caret-up\"><\/i><\/span>\n\t\t\t\t\t\t\t\t\t\t\t\t\t<\/span>\n\t\t\t\t\t\t\t\t\t\t\t\t<a class=\"elementor-toggle-title\" tabindex=\"0\">Transcript<\/a>\n\t\t\t\t\t<\/div>\n\n\t\t\t\t\t<div id=\"elementor-tab-content-2601\" class=\"elementor-tab-content elementor-clearfix\" data-tab=\"1\" role=\"region\" aria-labelledby=\"elementor-tab-title-2601\"><p>The effort and the enthusiasm of Poles in bringing the Old Town back to life, was recognized by UNESCO. In September 1980 Warsaw\u2019s Old Town and the Royal Castle were inscribed on the\u00a0 World Heritage List. It was an expression of great respect and admiration for the Polish architects, conservators, historians, art historians and ordinary workers, but also all the inhabitants of Warsaw who did not give up and kept showing their great love for this city.<\/p><p>The UNESCO zone is marked by posts made of Scandinavian granite. Each bears a bronze miniature of the Old Town and an inscription in five languages (Braille, Polish, English, Spanish and French):<\/p><blockquote><p>&#8220;The historic centre of Warsaw entered on the World Heritage List&#8221;.<\/p><\/blockquote><\/div>\n\t\t\t\t<\/div>\n\t\t\t\t\t\t\t\t<\/div>\n\t\t\t\t\t\t<\/div>\n\t\t\t\t<\/div>\n\t\t\t\t<div class=\"elementor-element elementor-element-e61f070 elementor-widget elementor-widget-heading\" data-id=\"e61f070\" data-element_type=\"widget\" data-e-type=\"widget\" data-widget_type=\"heading.default\">\n\t\t\t\t<div class=\"elementor-widget-container\">\n\t\t\t\t\t<h2 class=\"elementor-heading-title elementor-size-default\">4. Jan Zachwatowicz monument<\/h2>\t\t\t\t<\/div>\n\t\t\t\t<\/div>\n\t\t\t\t<div class=\"elementor-element elementor-element-b4ad299 elementor-widget elementor-widget-image\" data-id=\"b4ad299\" data-element_type=\"widget\" data-e-type=\"widget\" data-widget_type=\"image.default\">\n\t\t\t\t<div class=\"elementor-widget-container\">\n\t\t\t\t\t\t\t\t\t\t\t\t<figure class=\"wp-caption\">\n\t\t\t\t\t\t\t\t\t\t<img loading=\"lazy\" decoding=\"async\" width=\"1067\" height=\"1500\" src=\"https:\/\/muzeumwarszawy.pl\/wp-content\/uploads\/2023\/10\/340A2784_1600pix_\u00a9TKaczor-1067x1500.jpg\" class=\"attachment-large size-large wp-image-84027\" alt=\"\" srcset=\"https:\/\/muzeumwarszawy.pl\/wp-content\/uploads\/2023\/10\/340A2784_1600pix_\u00a9TKaczor-1067x1500.jpg 1067w, https:\/\/muzeumwarszawy.pl\/wp-content\/uploads\/2023\/10\/340A2784_1600pix_\u00a9TKaczor-213x300.jpg 213w, https:\/\/muzeumwarszawy.pl\/wp-content\/uploads\/2023\/10\/340A2784_1600pix_\u00a9TKaczor-768x1080.jpg 768w, https:\/\/muzeumwarszawy.pl\/wp-content\/uploads\/2023\/10\/340A2784_1600pix_\u00a9TKaczor-1092x1536.jpg 1092w, https:\/\/muzeumwarszawy.pl\/wp-content\/uploads\/2023\/10\/340A2784_1600pix_\u00a9TKaczor-498x700.jpg 498w, https:\/\/muzeumwarszawy.pl\/wp-content\/uploads\/2023\/10\/340A2784_1600pix_\u00a9TKaczor.jpg 1138w\" sizes=\"(max-width: 1067px) 100vw, 1067px\" \/>\t\t\t\t\t\t\t\t\t\t\t<figcaption class=\"widget-image-caption wp-caption-text\">Statue of Jan Zachwatowicz, photo: Tomasz Kaczor<\/figcaption>\n\t\t\t\t\t\t\t\t\t\t<\/figure>\n\t\t\t\t\t\t\t\t\t<\/div>\n\t\t\t\t<\/div>\n\t\t\t\t<div class=\"elementor-element elementor-element-37d0b05 elementor-widget elementor-widget-text-editor\" data-id=\"37d0b05\" data-element_type=\"widget\" data-e-type=\"widget\" data-widget_type=\"text-editor.default\">\n\t\t\t\t<div class=\"elementor-widget-container\">\n\t\t\t\t\t\t\t\t\t<p><audio class=\"wp-audio-shortcode\" id=\"audio-83948-4\" preload=\"none\" style=\"width: 100%;\" controls=\"controls\"><source type=\"audio\/mpeg\" src=\"https:\/\/muzeumwarszawy.pl\/wp-content\/uploads\/2023\/10\/janzachwatowiczmonument_01.mp3?_=4\" \/><a href=\"https:\/\/muzeumwarszawy.pl\/wp-content\/uploads\/2023\/10\/janzachwatowiczmonument_01.mp3\">https:\/\/muzeumwarszawy.pl\/wp-content\/uploads\/2023\/10\/janzachwatowiczmonument_01.mp3<\/a><\/audio><\/p>\t\t\t\t\t\t\t\t<\/div>\n\t\t\t\t<\/div>\n\t\t\t\t<div class=\"elementor-element elementor-element-796da4f elementor-widget elementor-widget-toggle\" data-id=\"796da4f\" data-element_type=\"widget\" data-e-type=\"widget\" data-widget_type=\"toggle.default\">\n\t\t\t\t<div class=\"elementor-widget-container\">\n\t\t\t\t\t\t\t<div class=\"elementor-toggle\">\n\t\t\t\t\t\t\t<div class=\"elementor-toggle-item\">\n\t\t\t\t\t<div id=\"elementor-tab-title-1271\" class=\"elementor-tab-title\" data-tab=\"1\" role=\"button\" aria-controls=\"elementor-tab-content-1271\" aria-expanded=\"false\">\n\t\t\t\t\t\t\t\t\t\t\t\t<span class=\"elementor-toggle-icon elementor-toggle-icon-left\" aria-hidden=\"true\">\n\t\t\t\t\t\t\t\t\t\t\t\t\t\t\t<span class=\"elementor-toggle-icon-closed\"><i class=\"fas fa-caret-right\"><\/i><\/span>\n\t\t\t\t\t\t\t\t<span class=\"elementor-toggle-icon-opened\"><i class=\"elementor-toggle-icon-opened fas fa-caret-up\"><\/i><\/span>\n\t\t\t\t\t\t\t\t\t\t\t\t\t<\/span>\n\t\t\t\t\t\t\t\t\t\t\t\t<a class=\"elementor-toggle-title\" tabindex=\"0\">Transcript<\/a>\n\t\t\t\t\t<\/div>\n\n\t\t\t\t\t<div id=\"elementor-tab-content-1271\" class=\"elementor-tab-content elementor-clearfix\" data-tab=\"1\" role=\"region\" aria-labelledby=\"elementor-tab-title-1271\"><p>In the 13th century, the town settlement was surrounded by a rampart, which at the end of the 14th century was replaced by a defensive wall. Its fragments, also the reconstructed ones, can be seen on the left to the Sigismund&#8217;s column.<\/p><p>Between the two lines of the defensive walls, you can find a monument honoring Jan Zachwatowicz. He was the main architect recreating the Old Town after the war.<\/p><p>Professor Jan Zachwatowicz is also the author of the white and blue sign that you will find on many buildings in the Old Town. This is Blue Shield &#8211; the cultural equivalent of the Red Cross. It is a symbol of protection defined in the 1954 Hague Convention dedicated to the protection of historical places in case of war. The sign is used to mark cultural objects to show that they are protected in the event of an armed conflict. Blue Shield is also the name of an organization that creates a network of cooperation between various cultural institutions, museums, archives, and libraries.<\/p><\/div>\n\t\t\t\t<\/div>\n\t\t\t\t\t\t\t\t<\/div>\n\t\t\t\t\t\t<\/div>\n\t\t\t\t<\/div>\n\t\t\t\t<div class=\"elementor-element elementor-element-3614b8c elementor-widget elementor-widget-image\" data-id=\"3614b8c\" data-element_type=\"widget\" data-e-type=\"widget\" data-widget_type=\"image.default\">\n\t\t\t\t<div class=\"elementor-widget-container\">\n\t\t\t\t\t\t\t\t\t\t\t\t<figure class=\"wp-caption\">\n\t\t\t\t\t\t\t\t\t\t<img loading=\"lazy\" decoding=\"async\" width=\"932\" height=\"1500\" src=\"https:\/\/muzeumwarszawy.pl\/wp-content\/uploads\/2023\/10\/tarcza-zabytek-932x1500.jpg\" class=\"attachment-large size-large wp-image-84031\" alt=\"\" srcset=\"https:\/\/muzeumwarszawy.pl\/wp-content\/uploads\/2023\/10\/tarcza-zabytek-932x1500.jpg 932w, https:\/\/muzeumwarszawy.pl\/wp-content\/uploads\/2023\/10\/tarcza-zabytek-186x300.jpg 186w, https:\/\/muzeumwarszawy.pl\/wp-content\/uploads\/2023\/10\/tarcza-zabytek-768x1237.jpg 768w, https:\/\/muzeumwarszawy.pl\/wp-content\/uploads\/2023\/10\/tarcza-zabytek-954x1536.jpg 954w, https:\/\/muzeumwarszawy.pl\/wp-content\/uploads\/2023\/10\/tarcza-zabytek-1272x2048.jpg 1272w, https:\/\/muzeumwarszawy.pl\/wp-content\/uploads\/2023\/10\/tarcza-zabytek-435x700.jpg 435w, https:\/\/muzeumwarszawy.pl\/wp-content\/uploads\/2023\/10\/tarcza-zabytek.jpg 1437w\" sizes=\"(max-width: 932px) 100vw, 932px\" \/>\t\t\t\t\t\t\t\t\t\t\t<figcaption class=\"widget-image-caption wp-caption-text\">The Blue Shield, photo: Tomasz Tomaszuk<\/figcaption>\n\t\t\t\t\t\t\t\t\t\t<\/figure>\n\t\t\t\t\t\t\t\t\t<\/div>\n\t\t\t\t<\/div>\n\t\t\t\t<div class=\"elementor-element elementor-element-bad4f8d elementor-widget elementor-widget-image\" data-id=\"bad4f8d\" data-element_type=\"widget\" data-e-type=\"widget\" data-widget_type=\"image.default\">\n\t\t\t\t<div class=\"elementor-widget-container\">\n\t\t\t\t\t\t\t\t\t\t\t\t<figure class=\"wp-caption\">\n\t\t\t\t\t\t\t\t\t\t<img loading=\"lazy\" decoding=\"async\" width=\"1920\" height=\"1194\" src=\"https:\/\/muzeumwarszawy.pl\/wp-content\/uploads\/2023\/10\/tabliczka-Zachwatowicz-1920x1194.jpg\" class=\"attachment-large size-large wp-image-84029\" alt=\"\" srcset=\"https:\/\/muzeumwarszawy.pl\/wp-content\/uploads\/2023\/10\/tabliczka-Zachwatowicz-1920x1194.jpg 1920w, https:\/\/muzeumwarszawy.pl\/wp-content\/uploads\/2023\/10\/tabliczka-Zachwatowicz-300x187.jpg 300w, https:\/\/muzeumwarszawy.pl\/wp-content\/uploads\/2023\/10\/tabliczka-Zachwatowicz-768x478.jpg 768w, https:\/\/muzeumwarszawy.pl\/wp-content\/uploads\/2023\/10\/tabliczka-Zachwatowicz-1536x955.jpg 1536w, https:\/\/muzeumwarszawy.pl\/wp-content\/uploads\/2023\/10\/tabliczka-Zachwatowicz-2048x1273.jpg 2048w, https:\/\/muzeumwarszawy.pl\/wp-content\/uploads\/2023\/10\/tabliczka-Zachwatowicz-650x404.jpg 650w\" sizes=\"(max-width: 1920px) 100vw, 1920px\" \/>\t\t\t\t\t\t\t\t\t\t\t<figcaption class=\"widget-image-caption wp-caption-text\">\"The sense of responsibility towards future generations demands the reconstruction of what has been destroyed for us...\" Jan Zachwatowicz 1900-1983 Architect and conservation officer, author of the program and guidelines for the reconstruction and conservation of monuments in Poland. Warsaw's Old Town owes its present shape to him. Photo: Tomasz Tomaszuk<\/figcaption>\n\t\t\t\t\t\t\t\t\t\t<\/figure>\n\t\t\t\t\t\t\t\t\t<\/div>\n\t\t\t\t<\/div>\n\t\t\t\t<div class=\"elementor-element elementor-element-fd43f31 elementor-widget elementor-widget-heading\" data-id=\"fd43f31\" data-element_type=\"widget\" data-e-type=\"widget\" data-widget_type=\"heading.default\">\n\t\t\t\t<div class=\"elementor-widget-container\">\n\t\t\t\t\t<h2 class=\"elementor-heading-title elementor-size-default\">5. Royal Castle<\/h2>\t\t\t\t<\/div>\n\t\t\t\t<\/div>\n\t\t\t\t<div class=\"elementor-element elementor-element-dddebbb elementor-widget elementor-widget-image\" data-id=\"dddebbb\" data-element_type=\"widget\" data-e-type=\"widget\" data-widget_type=\"image.default\">\n\t\t\t\t<div class=\"elementor-widget-container\">\n\t\t\t\t\t\t\t\t\t\t\t\t<figure class=\"wp-caption\">\n\t\t\t\t\t\t\t\t\t\t<img loading=\"lazy\" decoding=\"async\" width=\"998\" height=\"1500\" src=\"https:\/\/muzeumwarszawy.pl\/wp-content\/uploads\/2023\/10\/Zamek-Krolewski-998x1500.jpg\" class=\"attachment-large size-large wp-image-84043\" alt=\"\" srcset=\"https:\/\/muzeumwarszawy.pl\/wp-content\/uploads\/2023\/10\/Zamek-Krolewski-998x1500.jpg 998w, https:\/\/muzeumwarszawy.pl\/wp-content\/uploads\/2023\/10\/Zamek-Krolewski-200x300.jpg 200w, https:\/\/muzeumwarszawy.pl\/wp-content\/uploads\/2023\/10\/Zamek-Krolewski-768x1155.jpg 768w, https:\/\/muzeumwarszawy.pl\/wp-content\/uploads\/2023\/10\/Zamek-Krolewski-1021x1536.jpg 1021w, https:\/\/muzeumwarszawy.pl\/wp-content\/uploads\/2023\/10\/Zamek-Krolewski-1362x2048.jpg 1362w, https:\/\/muzeumwarszawy.pl\/wp-content\/uploads\/2023\/10\/Zamek-Krolewski-466x700.jpg 466w, https:\/\/muzeumwarszawy.pl\/wp-content\/uploads\/2023\/10\/Zamek-Krolewski-scaled.jpg 1702w\" sizes=\"(max-width: 998px) 100vw, 998px\" \/>\t\t\t\t\t\t\t\t\t\t\t<figcaption class=\"widget-image-caption wp-caption-text\">Royal Castle, postcard, ca 1938, Museum of Warsaw collection<\/figcaption>\n\t\t\t\t\t\t\t\t\t\t<\/figure>\n\t\t\t\t\t\t\t\t\t<\/div>\n\t\t\t\t<\/div>\n\t\t\t\t<div class=\"elementor-element elementor-element-59cc219 elementor-widget elementor-widget-text-editor\" data-id=\"59cc219\" data-element_type=\"widget\" data-e-type=\"widget\" data-widget_type=\"text-editor.default\">\n\t\t\t\t<div class=\"elementor-widget-container\">\n\t\t\t\t\t\t\t\t\t<p><audio class=\"wp-audio-shortcode\" id=\"audio-83948-5\" preload=\"none\" style=\"width: 100%;\" controls=\"controls\"><source type=\"audio\/mpeg\" src=\"https:\/\/muzeumwarszawy.pl\/wp-content\/uploads\/2023\/10\/theroyalcastle_01.mp3?_=5\" \/><a href=\"https:\/\/muzeumwarszawy.pl\/wp-content\/uploads\/2023\/10\/theroyalcastle_01.mp3\">https:\/\/muzeumwarszawy.pl\/wp-content\/uploads\/2023\/10\/theroyalcastle_01.mp3<\/a><\/audio><\/p>\t\t\t\t\t\t\t\t<\/div>\n\t\t\t\t<\/div>\n\t\t\t\t<div class=\"elementor-element elementor-element-0ed9f90 elementor-widget elementor-widget-toggle\" data-id=\"0ed9f90\" data-element_type=\"widget\" data-e-type=\"widget\" data-widget_type=\"toggle.default\">\n\t\t\t\t<div class=\"elementor-widget-container\">\n\t\t\t\t\t\t\t<div class=\"elementor-toggle\">\n\t\t\t\t\t\t\t<div class=\"elementor-toggle-item\">\n\t\t\t\t\t<div id=\"elementor-tab-title-1551\" class=\"elementor-tab-title\" data-tab=\"1\" role=\"button\" aria-controls=\"elementor-tab-content-1551\" aria-expanded=\"false\">\n\t\t\t\t\t\t\t\t\t\t\t\t<span class=\"elementor-toggle-icon elementor-toggle-icon-left\" aria-hidden=\"true\">\n\t\t\t\t\t\t\t\t\t\t\t\t\t\t\t<span class=\"elementor-toggle-icon-closed\"><i class=\"fas fa-caret-right\"><\/i><\/span>\n\t\t\t\t\t\t\t\t<span class=\"elementor-toggle-icon-opened\"><i class=\"elementor-toggle-icon-opened fas fa-caret-up\"><\/i><\/span>\n\t\t\t\t\t\t\t\t\t\t\t\t\t<\/span>\n\t\t\t\t\t\t\t\t\t\t\t\t<a class=\"elementor-toggle-title\" tabindex=\"0\">Transcript<\/a>\n\t\t\t\t\t<\/div>\n\n\t\t\t\t\t<div id=\"elementor-tab-content-1551\" class=\"elementor-tab-content elementor-clearfix\" data-tab=\"1\" role=\"region\" aria-labelledby=\"elementor-tab-title-1551\"><p>The Royal Castle was first a ducal castle. It was a home of\u00a0 the dukes who belonged to the same dynasty as the Polish kings but ruled independent Mazovia. After the death of the last dukes, two brothers, Stanis\u0142aw\u00a0 and Janusz, Mazovia was incorporated into Poland. When the Polish-Lithuanian Commonwealth was established, the Castle was designated as the permanent place of sessions of the parliament of the United Commonwealth. Then Sigismund III Vasa, the king on the column, extended it and made it the official residence of Polish rulers. After World War I, it was the seat of the Polish president. During World War II, in September 1944, it was blown up by the Germans. There was practically nothing left of it, apart from fragments of decorations and works of art, taken out of the Castle by it\u2019s staff, hidden and thus saved from destruction. They can be seen in the rebuilt Castle, which is a museum today.<\/p><p>However, a lot of time had to pass before the opening of this museum. The decision to rebuild the Castle was made immediately after the war, but the reconstruction did not take place. Again, it was decided to rebuild the Castle in 1971, and then the work began immediately.<\/p><p>The Civic Committee for the Reconstruction of the Castle was established, because the Castle was to be rebuilt with the financial resources of the entire nation. A huge money box stood on Zamkowy Square. Donations came from all over the place.<\/p><p>Efforts were made for the rebuilt castle to resemble not the pre-war one, but the one from the Vasa era. The interiors, on the other hand, mostly date back to the times of the last king, Stanis\u0142aw August Poniatowski. In the castle you can also admire many original elements saved by the castle staff, often risking life, during the war, as well as those dug out of the ruins.<\/p><p>The castle was officially opened to visitors in 1984. This did not mean however that the whole complex was fully rebuilt. Between 1994 and 2009 the Kubicki Arcades, built in the early 19<sup>th<\/sup> century, one of the few saved parts of Royal Castle, were restored. Until 2015 the Upper Garden, located on top of the Kubicki Arcades, was meticulously restored too. The last part of the reconstruction of the Royal Castle complex took place in May 2019 when the Lower Garden was rebuilt and reopened to the public.<\/p><\/div>\n\t\t\t\t<\/div>\n\t\t\t\t\t\t\t<div class=\"elementor-toggle-item\">\n\t\t\t\t\t<div id=\"elementor-tab-title-1552\" class=\"elementor-tab-title\" data-tab=\"2\" role=\"button\" aria-controls=\"elementor-tab-content-1552\" aria-expanded=\"false\">\n\t\t\t\t\t\t\t\t\t\t\t\t<span class=\"elementor-toggle-icon elementor-toggle-icon-left\" aria-hidden=\"true\">\n\t\t\t\t\t\t\t\t\t\t\t\t\t\t\t<span class=\"elementor-toggle-icon-closed\"><i class=\"fas fa-caret-right\"><\/i><\/span>\n\t\t\t\t\t\t\t\t<span class=\"elementor-toggle-icon-opened\"><i class=\"elementor-toggle-icon-opened fas fa-caret-up\"><\/i><\/span>\n\t\t\t\t\t\t\t\t\t\t\t\t\t<\/span>\n\t\t\t\t\t\t\t\t\t\t\t\t<a class=\"elementor-toggle-title\" tabindex=\"0\">Find out more<\/a>\n\t\t\t\t\t<\/div>\n\n\t\t\t\t\t<div id=\"elementor-tab-content-1552\" class=\"elementor-tab-content elementor-clearfix\" data-tab=\"2\" role=\"region\" aria-labelledby=\"elementor-tab-title-1552\"><p>Professor Stanis\u0142aw Lorentz, director of the National Museum of that time, and a great advocate of the reconstruction of the Castle, did not hide his emotion:<\/p><blockquote><p>&#8220;When we inaugurated the reconstruction [&#8230;] we remembered the times when in September 1939 we saved the burning castle, when we took everything that was more valuable to the underground of the National Museum when we later cut out arabesque wall paintings, samples from architectural and sculptural details of each of the historical rooms, all in order to be able to reconstruct the castle as faithfully as possible. We were sure that this moment would come.&#8221;<\/p><\/blockquote><\/div>\n\t\t\t\t<\/div>\n\t\t\t\t\t\t\t\t<\/div>\n\t\t\t\t\t\t<\/div>\n\t\t\t\t<\/div>\n\t\t\t\t<div class=\"elementor-element elementor-element-67a36ed elementor-widget elementor-widget-image\" data-id=\"67a36ed\" data-element_type=\"widget\" data-e-type=\"widget\" data-widget_type=\"image.default\">\n\t\t\t\t<div class=\"elementor-widget-container\">\n\t\t\t\t\t\t\t\t\t\t\t\t<figure class=\"wp-caption\">\n\t\t\t\t\t\t\t\t\t\t<img loading=\"lazy\" decoding=\"async\" width=\"1920\" height=\"1449\" src=\"https:\/\/muzeumwarszawy.pl\/wp-content\/uploads\/2023\/10\/W-XXX-lecie-PRL-Narod-swojej-stolicy.-Zamek-Krolewski-Odbudowa-Zamku-Krolewskiego-1920x1449.jpg\" class=\"attachment-large size-large wp-image-84038\" alt=\"\" srcset=\"https:\/\/muzeumwarszawy.pl\/wp-content\/uploads\/2023\/10\/W-XXX-lecie-PRL-Narod-swojej-stolicy.-Zamek-Krolewski-Odbudowa-Zamku-Krolewskiego-1920x1449.jpg 1920w, https:\/\/muzeumwarszawy.pl\/wp-content\/uploads\/2023\/10\/W-XXX-lecie-PRL-Narod-swojej-stolicy.-Zamek-Krolewski-Odbudowa-Zamku-Krolewskiego-300x226.jpg 300w, https:\/\/muzeumwarszawy.pl\/wp-content\/uploads\/2023\/10\/W-XXX-lecie-PRL-Narod-swojej-stolicy.-Zamek-Krolewski-Odbudowa-Zamku-Krolewskiego-768x579.jpg 768w, https:\/\/muzeumwarszawy.pl\/wp-content\/uploads\/2023\/10\/W-XXX-lecie-PRL-Narod-swojej-stolicy.-Zamek-Krolewski-Odbudowa-Zamku-Krolewskiego-1536x1159.jpg 1536w, https:\/\/muzeumwarszawy.pl\/wp-content\/uploads\/2023\/10\/W-XXX-lecie-PRL-Narod-swojej-stolicy.-Zamek-Krolewski-Odbudowa-Zamku-Krolewskiego-2048x1545.jpg 2048w, https:\/\/muzeumwarszawy.pl\/wp-content\/uploads\/2023\/10\/W-XXX-lecie-PRL-Narod-swojej-stolicy.-Zamek-Krolewski-Odbudowa-Zamku-Krolewskiego-650x490.jpg 650w\" sizes=\"(max-width: 1920px) 100vw, 1920px\" \/>\t\t\t\t\t\t\t\t\t\t\t<figcaption class=\"widget-image-caption wp-caption-text\">On the 30th anniversary of the People\u2019s Republic of Poland\u2014the Nation for its Capital. Royal Castle (Reconstruction of the Royal Castle), Wac\u0142aw Palessa, 1974, Museum of Warsaw collection<\/figcaption>\n\t\t\t\t\t\t\t\t\t\t<\/figure>\n\t\t\t\t\t\t\t\t\t<\/div>\n\t\t\t\t<\/div>\n\t\t\t\t<div class=\"elementor-element elementor-element-74157f7 elementor-widget elementor-widget-heading\" data-id=\"74157f7\" data-element_type=\"widget\" data-e-type=\"widget\" data-widget_type=\"heading.default\">\n\t\t\t\t<div class=\"elementor-widget-container\">\n\t\t\t\t\t<h2 class=\"elementor-heading-title elementor-size-default\">6. St. John\u2019s Cathedral<\/h2>\t\t\t\t<\/div>\n\t\t\t\t<\/div>\n\t\t\t\t<div class=\"elementor-element elementor-element-506e967 elementor-arrows-position-inside elementor-pagination-position-outside elementor-widget elementor-widget-image-carousel\" data-id=\"506e967\" data-element_type=\"widget\" data-e-type=\"widget\" data-settings=\"{&quot;slides_to_show&quot;:&quot;1&quot;,&quot;navigation&quot;:&quot;both&quot;,&quot;autoplay&quot;:&quot;yes&quot;,&quot;pause_on_hover&quot;:&quot;yes&quot;,&quot;pause_on_interaction&quot;:&quot;yes&quot;,&quot;autoplay_speed&quot;:5000,&quot;infinite&quot;:&quot;yes&quot;,&quot;effect&quot;:&quot;slide&quot;,&quot;speed&quot;:500}\" data-widget_type=\"image-carousel.default\">\n\t\t\t\t<div class=\"elementor-widget-container\">\n\t\t\t\t\t\t\t<div class=\"elementor-image-carousel-wrapper swiper\" role=\"region\" aria-roledescription=\"carousel\" aria-label=\"Image Carousel\" dir=\"ltr\">\n\t\t\t<div class=\"elementor-image-carousel swiper-wrapper\" aria-live=\"off\">\n\t\t\t\t\t\t\t\t<div class=\"swiper-slide\" role=\"group\" aria-roledescription=\"slide\" aria-label=\"1 of 2\"><figure class=\"swiper-slide-inner\"><img decoding=\"async\" class=\"swiper-slide-image\" src=\"https:\/\/muzeumwarszawy.pl\/wp-content\/uploads\/2023\/10\/Katedra-sw.-Jana-Chrzciciela-989x1500.jpg\" alt=\"Katedra \u015bw. Jana Chrzciciela, poczt\u00f3wka, ok. 1938, zbiory Muzeum Warszawy\" \/><figcaption class=\"elementor-image-carousel-caption\">John the Baptist Cathedral, postcard, ca 1938, Museum of Warsaw collection<\/figcaption><\/figure><\/div><div class=\"swiper-slide\" role=\"group\" aria-roledescription=\"slide\" aria-label=\"2 of 2\"><figure class=\"swiper-slide-inner\"><img decoding=\"async\" class=\"swiper-slide-image\" src=\"https:\/\/muzeumwarszawy.pl\/wp-content\/uploads\/2023\/10\/Ruiny-katedry-sw.-Jana-Chrzciciela-984x1500.jpg\" alt=\"Ruiny katedry \u015bw. Jana Chrzciciela, Jerzy Mizerski, 1945, zbiory Muzeum Warszawy\" \/><figcaption class=\"elementor-image-carousel-caption\">Ruins of John the Baptist Cathedral, Jerzy Mizerski, 1945, Museum of Warsaw collection<\/figcaption><\/figure><\/div>\t\t\t<\/div>\n\t\t\t\t\t\t\t\t\t\t\t\t<div class=\"elementor-swiper-button elementor-swiper-button-prev\" role=\"button\" tabindex=\"0\">\n\t\t\t\t\t\t<i aria-hidden=\"true\" class=\"eicon-chevron-left\"><\/i>\t\t\t\t\t<\/div>\n\t\t\t\t\t<div class=\"elementor-swiper-button elementor-swiper-button-next\" role=\"button\" tabindex=\"0\">\n\t\t\t\t\t\t<i aria-hidden=\"true\" class=\"eicon-chevron-right\"><\/i>\t\t\t\t\t<\/div>\n\t\t\t\t\n\t\t\t\t\t\t\t\t\t<div class=\"swiper-pagination\"><\/div>\n\t\t\t\t\t\t\t\t\t<\/div>\n\t\t\t\t\t\t<\/div>\n\t\t\t\t<\/div>\n\t\t\t\t<div class=\"elementor-element elementor-element-94094bd elementor-widget elementor-widget-text-editor\" data-id=\"94094bd\" data-element_type=\"widget\" data-e-type=\"widget\" data-widget_type=\"text-editor.default\">\n\t\t\t\t<div class=\"elementor-widget-container\">\n\t\t\t\t\t\t\t\t\t<p><audio class=\"wp-audio-shortcode\" id=\"audio-83948-6\" preload=\"none\" style=\"width: 100%;\" controls=\"controls\"><source type=\"audio\/mpeg\" src=\"https:\/\/muzeumwarszawy.pl\/wp-content\/uploads\/2023\/10\/stjohnscathedral_01.mp3?_=6\" \/><a href=\"https:\/\/muzeumwarszawy.pl\/wp-content\/uploads\/2023\/10\/stjohnscathedral_01.mp3\">https:\/\/muzeumwarszawy.pl\/wp-content\/uploads\/2023\/10\/stjohnscathedral_01.mp3<\/a><\/audio><\/p>\t\t\t\t\t\t\t\t<\/div>\n\t\t\t\t<\/div>\n\t\t\t\t<div class=\"elementor-element elementor-element-884edcf elementor-widget elementor-widget-toggle\" data-id=\"884edcf\" data-element_type=\"widget\" data-e-type=\"widget\" data-widget_type=\"toggle.default\">\n\t\t\t\t<div class=\"elementor-widget-container\">\n\t\t\t\t\t\t\t<div class=\"elementor-toggle\">\n\t\t\t\t\t\t\t<div class=\"elementor-toggle-item\">\n\t\t\t\t\t<div id=\"elementor-tab-title-1421\" class=\"elementor-tab-title\" data-tab=\"1\" role=\"button\" aria-controls=\"elementor-tab-content-1421\" aria-expanded=\"false\">\n\t\t\t\t\t\t\t\t\t\t\t\t<span class=\"elementor-toggle-icon elementor-toggle-icon-left\" aria-hidden=\"true\">\n\t\t\t\t\t\t\t\t\t\t\t\t\t\t\t<span class=\"elementor-toggle-icon-closed\"><i class=\"fas fa-caret-right\"><\/i><\/span>\n\t\t\t\t\t\t\t\t<span class=\"elementor-toggle-icon-opened\"><i class=\"elementor-toggle-icon-opened fas fa-caret-up\"><\/i><\/span>\n\t\t\t\t\t\t\t\t\t\t\t\t\t<\/span>\n\t\t\t\t\t\t\t\t\t\t\t\t<a class=\"elementor-toggle-title\" tabindex=\"0\">Transcript<\/a>\n\t\t\t\t\t<\/div>\n\n\t\t\t\t\t<div id=\"elementor-tab-content-1421\" class=\"elementor-tab-content elementor-clearfix\" data-tab=\"1\" role=\"region\" aria-labelledby=\"elementor-tab-title-1421\"><p>St. John&#8217;s Cathedral is the oldest church in Warsaw. The first wooden chapel was built\u00a0 at the beginning of the 14th centuries. At the end of the 14th century there was already a brick, gothic church, which over time became an increasingly important temple. Currently, its full name is the Archcathedral Basilica dedicated to the Martyrdom of Saint John the Baptist and is the seat of Archbishop of Warsaw.<\/p><p>This church has witnessed many historical events, such as the coronations of two kings, who ruled the country in the 18th century: Stanis\u0142aw Leszczy\u0144ski and Stanis\u0142aw August Poniatowski. The Holy Mass was celebrated here after establishment of the second in the world, and the first in Europe, modern, democratic Constitution of May 3rd, 1791. It was another crucial historical event.<\/p><p>Many famous people were buried in the cathedral. Here rest the ashes of the last Mazovian dukes, king Stanis\u0142aw August Poniatowski, presidents of the Republic of Poland Gabriel Narutowicz and Ignacy Mo\u015bcicki, a great writer, Nobel Prize winner Henryk Sienkiewicz and musician and statesman Ignacy Jan Paderewski, as well as Cardinal Stefan Wyszy\u0144ski, who was the head of the Catholic Church during communism.<\/p><p>This church was destroyed during World War II and then rebuilt but\u2026 in a different form. Before the war, it was in the style of English neo-gothic, and now it is an example of local Mazovian gothic style. The reconstruction project was made by Professor Jan Zachwatowicz, whose monument I hope you managed to find earlier by the city walls.<\/p><\/div>\n\t\t\t\t<\/div>\n\t\t\t\t\t\t\t\t<\/div>\n\t\t\t\t\t\t<\/div>\n\t\t\t\t<\/div>\n\t\t\t\t<div class=\"elementor-element elementor-element-fd4fc02 elementor-widget elementor-widget-heading\" data-id=\"fd4fc02\" data-element_type=\"widget\" data-e-type=\"widget\" data-widget_type=\"heading.default\">\n\t\t\t\t<div class=\"elementor-widget-container\">\n\t\t\t\t\t<h2 class=\"elementor-heading-title elementor-size-default\">7. Bell on Kanonie<\/h2>\t\t\t\t<\/div>\n\t\t\t\t<\/div>\n\t\t\t\t<div class=\"elementor-element elementor-element-ae00d58 elementor-widget elementor-widget-text-editor\" data-id=\"ae00d58\" data-element_type=\"widget\" data-e-type=\"widget\" data-widget_type=\"text-editor.default\">\n\t\t\t\t<div class=\"elementor-widget-container\">\n\t\t\t\t\t\t\t\t\t<p><audio class=\"wp-audio-shortcode\" id=\"audio-83948-7\" preload=\"none\" style=\"width: 100%;\" controls=\"controls\"><source type=\"audio\/mpeg\" src=\"https:\/\/muzeumwarszawy.pl\/wp-content\/uploads\/2023\/10\/kanonie_01.mp3?_=7\" \/><a href=\"https:\/\/muzeumwarszawy.pl\/wp-content\/uploads\/2023\/10\/kanonie_01.mp3\">https:\/\/muzeumwarszawy.pl\/wp-content\/uploads\/2023\/10\/kanonie_01.mp3<\/a><\/audio><\/p>\t\t\t\t\t\t\t\t<\/div>\n\t\t\t\t<\/div>\n\t\t\t\t<div class=\"elementor-element elementor-element-6a41527 elementor-widget elementor-widget-toggle\" data-id=\"6a41527\" data-element_type=\"widget\" data-e-type=\"widget\" data-widget_type=\"toggle.default\">\n\t\t\t\t<div class=\"elementor-widget-container\">\n\t\t\t\t\t\t\t<div class=\"elementor-toggle\">\n\t\t\t\t\t\t\t<div class=\"elementor-toggle-item\">\n\t\t\t\t\t<div id=\"elementor-tab-title-1111\" class=\"elementor-tab-title\" data-tab=\"1\" role=\"button\" aria-controls=\"elementor-tab-content-1111\" aria-expanded=\"false\">\n\t\t\t\t\t\t\t\t\t\t\t\t<span class=\"elementor-toggle-icon elementor-toggle-icon-left\" aria-hidden=\"true\">\n\t\t\t\t\t\t\t\t\t\t\t\t\t\t\t<span class=\"elementor-toggle-icon-closed\"><i class=\"fas fa-caret-right\"><\/i><\/span>\n\t\t\t\t\t\t\t\t<span class=\"elementor-toggle-icon-opened\"><i class=\"elementor-toggle-icon-opened fas fa-caret-up\"><\/i><\/span>\n\t\t\t\t\t\t\t\t\t\t\t\t\t<\/span>\n\t\t\t\t\t\t\t\t\t\t\t\t<a class=\"elementor-toggle-title\" tabindex=\"0\">Transcript<\/a>\n\t\t\t\t\t<\/div>\n\n\t\t\t\t\t<div id=\"elementor-tab-content-1111\" class=\"elementor-tab-content elementor-clearfix\" data-tab=\"1\" role=\"region\" aria-labelledby=\"elementor-tab-title-1111\"><p>At the back of St. John&#8217;s Cathedral is Kanonia Street in the shape of a three-sided square. It was built on the site of the Old Town cemetery, which was liquidated a long time ago. There is also a bell on the square. It was made at the beginning of the 17th century in the bell foundry workshop of Daniel Tym, a well-known bell maker, who casted a bronze statue of the king from Sigismund&#8217;s Column. At first, the bell was supposed to go to a church outside Warsaw, but it was decided that its sound was not appropriate. After the war, it found its place in Kanonia and people say that it is a magic bell that fulfils wishes. Just think of a wish and touch the bell. Some say that you should additionally walk around it, preferably jumping on one leg.<\/p><p>In the gap between the two corner tenement houses, there is &#8220;squeezed&#8221; a narrow building, probably the narrowest tenement house in Europe. Try to discover the secret of this house. Is the whole house really as narrow as it looks?<\/p><\/div>\n\t\t\t\t<\/div>\n\t\t\t\t\t\t\t\t<\/div>\n\t\t\t\t\t\t<\/div>\n\t\t\t\t<\/div>\n\t\t\t\t<div class=\"elementor-element elementor-element-2dfb4b2 elementor-widget elementor-widget-image\" data-id=\"2dfb4b2\" data-element_type=\"widget\" data-e-type=\"widget\" data-widget_type=\"image.default\">\n\t\t\t\t<div class=\"elementor-widget-container\">\n\t\t\t\t\t\t\t\t\t\t\t\t<figure class=\"wp-caption\">\n\t\t\t\t\t\t\t\t\t\t<img loading=\"lazy\" decoding=\"async\" width=\"1420\" height=\"1500\" src=\"https:\/\/muzeumwarszawy.pl\/wp-content\/uploads\/2023\/10\/Zniszczenia-na-Kanonii-1420x1500.jpg\" class=\"attachment-large size-large wp-image-84061\" alt=\"\" srcset=\"https:\/\/muzeumwarszawy.pl\/wp-content\/uploads\/2023\/10\/Zniszczenia-na-Kanonii-1420x1500.jpg 1420w, https:\/\/muzeumwarszawy.pl\/wp-content\/uploads\/2023\/10\/Zniszczenia-na-Kanonii-284x300.jpg 284w, https:\/\/muzeumwarszawy.pl\/wp-content\/uploads\/2023\/10\/Zniszczenia-na-Kanonii-768x811.jpg 768w, https:\/\/muzeumwarszawy.pl\/wp-content\/uploads\/2023\/10\/Zniszczenia-na-Kanonii-1454x1536.jpg 1454w, https:\/\/muzeumwarszawy.pl\/wp-content\/uploads\/2023\/10\/Zniszczenia-na-Kanonii-1939x2048.jpg 1939w, https:\/\/muzeumwarszawy.pl\/wp-content\/uploads\/2023\/10\/Zniszczenia-na-Kanonii-650x686.jpg 650w\" sizes=\"(max-width: 1420px) 100vw, 1420px\" \/>\t\t\t\t\t\t\t\t\t\t\t<figcaption class=\"widget-image-caption wp-caption-text\">Ruins on Kanonia Street, Alfred Funkiewicz, 1951, Museum of Warsaw collection<\/figcaption>\n\t\t\t\t\t\t\t\t\t\t<\/figure>\n\t\t\t\t\t\t\t\t\t<\/div>\n\t\t\t\t<\/div>\n\t\t\t\t<div class=\"elementor-element elementor-element-3d99cd5 elementor-widget elementor-widget-image\" data-id=\"3d99cd5\" data-element_type=\"widget\" data-e-type=\"widget\" data-widget_type=\"image.default\">\n\t\t\t\t<div class=\"elementor-widget-container\">\n\t\t\t\t\t\t\t\t\t\t\t\t<figure class=\"wp-caption\">\n\t\t\t\t\t\t\t\t\t\t<img loading=\"lazy\" decoding=\"async\" width=\"944\" height=\"1500\" src=\"https:\/\/muzeumwarszawy.pl\/wp-content\/uploads\/2023\/10\/waski-dom-944x1500.jpg\" class=\"attachment-large size-large wp-image-84059\" alt=\"\" srcset=\"https:\/\/muzeumwarszawy.pl\/wp-content\/uploads\/2023\/10\/waski-dom-944x1500.jpg 944w, https:\/\/muzeumwarszawy.pl\/wp-content\/uploads\/2023\/10\/waski-dom-189x300.jpg 189w, https:\/\/muzeumwarszawy.pl\/wp-content\/uploads\/2023\/10\/waski-dom-768x1220.jpg 768w, https:\/\/muzeumwarszawy.pl\/wp-content\/uploads\/2023\/10\/waski-dom-967x1536.jpg 967w, https:\/\/muzeumwarszawy.pl\/wp-content\/uploads\/2023\/10\/waski-dom-1289x2048.jpg 1289w, https:\/\/muzeumwarszawy.pl\/wp-content\/uploads\/2023\/10\/waski-dom-440x700.jpg 440w, https:\/\/muzeumwarszawy.pl\/wp-content\/uploads\/2023\/10\/waski-dom-scaled.jpg 1611w\" sizes=\"(max-width: 944px) 100vw, 944px\" \/>\t\t\t\t\t\t\t\t\t\t\t<figcaption class=\"widget-image-caption wp-caption-text\">The narrowest tenement house in Warsaw. Photo: Tomasz Tomaszuk<\/figcaption>\n\t\t\t\t\t\t\t\t\t\t<\/figure>\n\t\t\t\t\t\t\t\t\t<\/div>\n\t\t\t\t<\/div>\n\t\t\t\t<div class=\"elementor-element elementor-element-f944fd2 elementor-widget elementor-widget-heading\" data-id=\"f944fd2\" data-element_type=\"widget\" data-e-type=\"widget\" data-widget_type=\"heading.default\">\n\t\t\t\t<div class=\"elementor-widget-container\">\n\t\t\t\t\t<h2 class=\"elementor-heading-title elementor-size-default\">8. Gnojna G\u00f3ra<\/h2>\t\t\t\t<\/div>\n\t\t\t\t<\/div>\n\t\t\t\t<div class=\"elementor-element elementor-element-4029494 elementor-widget elementor-widget-image\" data-id=\"4029494\" data-element_type=\"widget\" data-e-type=\"widget\" data-widget_type=\"image.default\">\n\t\t\t\t<div class=\"elementor-widget-container\">\n\t\t\t\t\t\t\t\t\t\t\t\t<figure class=\"wp-caption\">\n\t\t\t\t\t\t\t\t\t\t<img loading=\"lazy\" decoding=\"async\" width=\"1875\" height=\"1500\" src=\"https:\/\/muzeumwarszawy.pl\/wp-content\/uploads\/2023\/10\/Widok-na-taras-i-zamek-Widok-Gnojnej-Gory-1-1875x1500.jpg\" class=\"attachment-large size-large wp-image-84069\" alt=\"\" srcset=\"https:\/\/muzeumwarszawy.pl\/wp-content\/uploads\/2023\/10\/Widok-na-taras-i-zamek-Widok-Gnojnej-Gory-1-1875x1500.jpg 1875w, https:\/\/muzeumwarszawy.pl\/wp-content\/uploads\/2023\/10\/Widok-na-taras-i-zamek-Widok-Gnojnej-Gory-1-300x240.jpg 300w, https:\/\/muzeumwarszawy.pl\/wp-content\/uploads\/2023\/10\/Widok-na-taras-i-zamek-Widok-Gnojnej-Gory-1-768x614.jpg 768w, https:\/\/muzeumwarszawy.pl\/wp-content\/uploads\/2023\/10\/Widok-na-taras-i-zamek-Widok-Gnojnej-Gory-1-1536x1228.jpg 1536w, https:\/\/muzeumwarszawy.pl\/wp-content\/uploads\/2023\/10\/Widok-na-taras-i-zamek-Widok-Gnojnej-Gory-1-2048x1638.jpg 2048w, https:\/\/muzeumwarszawy.pl\/wp-content\/uploads\/2023\/10\/Widok-na-taras-i-zamek-Widok-Gnojnej-Gory-1-650x520.jpg 650w\" sizes=\"(max-width: 1875px) 100vw, 1875px\" \/>\t\t\t\t\t\t\t\t\t\t\t<figcaption class=\"widget-image-caption wp-caption-text\">View of the terrace and the Castle (View of the Gnojna Mount), Aleksander Majerski, 1818, Museum of Warsaw collection <\/figcaption>\n\t\t\t\t\t\t\t\t\t\t<\/figure>\n\t\t\t\t\t\t\t\t\t<\/div>\n\t\t\t\t<\/div>\n\t\t\t\t<div class=\"elementor-element elementor-element-55f2fb1 elementor-widget elementor-widget-text-editor\" data-id=\"55f2fb1\" data-element_type=\"widget\" data-e-type=\"widget\" data-widget_type=\"text-editor.default\">\n\t\t\t\t<div class=\"elementor-widget-container\">\n\t\t\t\t\t\t\t\t\t<p><audio class=\"wp-audio-shortcode\" id=\"audio-83948-8\" preload=\"none\" style=\"width: 100%;\" controls=\"controls\"><source type=\"audio\/mpeg\" src=\"https:\/\/muzeumwarszawy.pl\/wp-content\/uploads\/2023\/10\/gnojna-gora_01.mp3?_=8\" \/><a href=\"https:\/\/muzeumwarszawy.pl\/wp-content\/uploads\/2023\/10\/gnojna-gora_01.mp3\">https:\/\/muzeumwarszawy.pl\/wp-content\/uploads\/2023\/10\/gnojna-gora_01.mp3<\/a><\/audio><\/p>\t\t\t\t\t\t\t\t<\/div>\n\t\t\t\t<\/div>\n\t\t\t\t<div class=\"elementor-element elementor-element-cac230a elementor-widget elementor-widget-toggle\" data-id=\"cac230a\" data-element_type=\"widget\" data-e-type=\"widget\" data-widget_type=\"toggle.default\">\n\t\t\t\t<div class=\"elementor-widget-container\">\n\t\t\t\t\t\t\t<div class=\"elementor-toggle\">\n\t\t\t\t\t\t\t<div class=\"elementor-toggle-item\">\n\t\t\t\t\t<div id=\"elementor-tab-title-2121\" class=\"elementor-tab-title\" data-tab=\"1\" role=\"button\" aria-controls=\"elementor-tab-content-2121\" aria-expanded=\"false\">\n\t\t\t\t\t\t\t\t\t\t\t\t<span class=\"elementor-toggle-icon elementor-toggle-icon-left\" aria-hidden=\"true\">\n\t\t\t\t\t\t\t\t\t\t\t\t\t\t\t<span class=\"elementor-toggle-icon-closed\"><i class=\"fas fa-caret-right\"><\/i><\/span>\n\t\t\t\t\t\t\t\t<span class=\"elementor-toggle-icon-opened\"><i class=\"elementor-toggle-icon-opened fas fa-caret-up\"><\/i><\/span>\n\t\t\t\t\t\t\t\t\t\t\t\t\t<\/span>\n\t\t\t\t\t\t\t\t\t\t\t\t<a class=\"elementor-toggle-title\" tabindex=\"0\">Transcript<\/a>\n\t\t\t\t\t<\/div>\n\n\t\t\t\t\t<div id=\"elementor-tab-content-2121\" class=\"elementor-tab-content elementor-clearfix\" data-tab=\"1\" role=\"region\" aria-labelledby=\"elementor-tab-title-2121\"><p>You are on a nice observation deck, from which you can see a vast panorama of the Vistula valley. Vistula or Wis\u0142a in Polish, is the biggest and the longest Polish river. Its right bank is called Praga and it is mainly a residential district. However, it was not always so charming on this terrace. The inhabitants of these tenement houses not only did not have such beautiful views, but in addition they were tormented by the unpleasant smell around. This terrace is located in a place traditionally called Gnojna G\u00f3ra, which means \u201eDung Mountain\u201d<\/p><p>Probably from the beginning of the history of the town to the early 18th century, a garbage dump functioned here. Attempts were made to eliminate it much earlier, because it was extremely burdensome.<\/p><p>Before the war, there was even a large building erected on this site, but it was not rebuilt after the war damages. Eventually, a nice observation deck was created for this place, but the ugly name remained.<\/p><p>There is also a new tradition, known also in other countries \u2013 the tradition of lovers placing padlocks here.<\/p><p>At the corner of Celna and Brzozowa streets, a picturesque fragment of the gothic wall from the late 14th century draws attention. The tenement house\u00a0 partly survived after World War II, and the rest was rebuilt by incorporating part of the former Brama Gnojna (Dung Gate) together with a fragment of the building from the fourteenth century, probably serving as a granary.<\/p><p>Continue along Brzozowa Street and on your left you will see large wooden gates. This is the entrance to the branch of the Museum of Warsaw called the Heritage Interpretation Center.<\/p><\/div>\n\t\t\t\t<\/div>\n\t\t\t\t\t\t\t\t<\/div>\n\t\t\t\t\t\t<\/div>\n\t\t\t\t<\/div>\n\t\t\t\t<div class=\"elementor-element elementor-element-4960eda elementor-widget elementor-widget-heading\" data-id=\"4960eda\" data-element_type=\"widget\" data-e-type=\"widget\" data-widget_type=\"heading.default\">\n\t\t\t\t<div class=\"elementor-widget-container\">\n\t\t\t\t\t<h2 class=\"elementor-heading-title elementor-size-default\">9. The Heritage Interpretation Center<\/h2>\t\t\t\t<\/div>\n\t\t\t\t<\/div>\n\t\t\t\t<div class=\"elementor-element elementor-element-e060c77 elementor-widget elementor-widget-image\" data-id=\"e060c77\" data-element_type=\"widget\" data-e-type=\"widget\" data-widget_type=\"image.default\">\n\t\t\t\t<div class=\"elementor-widget-container\">\n\t\t\t\t\t\t\t\t\t\t\t\t<figure class=\"wp-caption\">\n\t\t\t\t\t\t\t\t\t\t<img loading=\"lazy\" decoding=\"async\" width=\"1920\" height=\"1280\" src=\"https:\/\/muzeumwarszawy.pl\/wp-content\/uploads\/2023\/10\/muzeumwarszawy_budynki_32-1920x1280.jpg\" class=\"attachment-large size-large wp-image-84143\" alt=\"\" srcset=\"https:\/\/muzeumwarszawy.pl\/wp-content\/uploads\/2023\/10\/muzeumwarszawy_budynki_32-1920x1280.jpg 1920w, https:\/\/muzeumwarszawy.pl\/wp-content\/uploads\/2023\/10\/muzeumwarszawy_budynki_32-300x200.jpg 300w, https:\/\/muzeumwarszawy.pl\/wp-content\/uploads\/2023\/10\/muzeumwarszawy_budynki_32-768x512.jpg 768w, https:\/\/muzeumwarszawy.pl\/wp-content\/uploads\/2023\/10\/muzeumwarszawy_budynki_32-1536x1024.jpg 1536w, https:\/\/muzeumwarszawy.pl\/wp-content\/uploads\/2023\/10\/muzeumwarszawy_budynki_32-2048x1365.jpg 2048w, https:\/\/muzeumwarszawy.pl\/wp-content\/uploads\/2023\/10\/muzeumwarszawy_budynki_32-332x222.jpg 332w, https:\/\/muzeumwarszawy.pl\/wp-content\/uploads\/2023\/10\/muzeumwarszawy_budynki_32-664x444.jpg 664w, https:\/\/muzeumwarszawy.pl\/wp-content\/uploads\/2023\/10\/muzeumwarszawy_budynki_32-650x433.jpg 650w\" sizes=\"(max-width: 1920px) 100vw, 1920px\" \/>\t\t\t\t\t\t\t\t\t\t\t<figcaption class=\"widget-image-caption wp-caption-text\">Photo: Marcin Czechowicz<\/figcaption>\n\t\t\t\t\t\t\t\t\t\t<\/figure>\n\t\t\t\t\t\t\t\t\t<\/div>\n\t\t\t\t<\/div>\n\t\t\t\t<div class=\"elementor-element elementor-element-94d9277 elementor-widget elementor-widget-text-editor\" data-id=\"94d9277\" data-element_type=\"widget\" data-e-type=\"widget\" data-widget_type=\"text-editor.default\">\n\t\t\t\t<div class=\"elementor-widget-container\">\n\t\t\t\t\t\t\t\t\t<p><audio class=\"wp-audio-shortcode\" id=\"audio-83948-9\" preload=\"none\" style=\"width: 100%;\" controls=\"controls\"><source type=\"audio\/mpeg\" src=\"https:\/\/muzeumwarszawy.pl\/wp-content\/uploads\/2023\/10\/theheritageinterpretationcenter_01.mp3?_=9\" \/><a href=\"https:\/\/muzeumwarszawy.pl\/wp-content\/uploads\/2023\/10\/theheritageinterpretationcenter_01.mp3\">https:\/\/muzeumwarszawy.pl\/wp-content\/uploads\/2023\/10\/theheritageinterpretationcenter_01.mp3<\/a><\/audio><\/p>\t\t\t\t\t\t\t\t<\/div>\n\t\t\t\t<\/div>\n\t\t\t\t<div class=\"elementor-element elementor-element-c17e4c7 elementor-widget elementor-widget-toggle\" data-id=\"c17e4c7\" data-element_type=\"widget\" data-e-type=\"widget\" data-widget_type=\"toggle.default\">\n\t\t\t\t<div class=\"elementor-widget-container\">\n\t\t\t\t\t\t\t<div class=\"elementor-toggle\">\n\t\t\t\t\t\t\t<div class=\"elementor-toggle-item\">\n\t\t\t\t\t<div id=\"elementor-tab-title-2021\" class=\"elementor-tab-title\" data-tab=\"1\" role=\"button\" aria-controls=\"elementor-tab-content-2021\" aria-expanded=\"false\">\n\t\t\t\t\t\t\t\t\t\t\t\t<span class=\"elementor-toggle-icon elementor-toggle-icon-left\" aria-hidden=\"true\">\n\t\t\t\t\t\t\t\t\t\t\t\t\t\t\t<span class=\"elementor-toggle-icon-closed\"><i class=\"fas fa-caret-right\"><\/i><\/span>\n\t\t\t\t\t\t\t\t<span class=\"elementor-toggle-icon-opened\"><i class=\"elementor-toggle-icon-opened fas fa-caret-up\"><\/i><\/span>\n\t\t\t\t\t\t\t\t\t\t\t\t\t<\/span>\n\t\t\t\t\t\t\t\t\t\t\t\t<a class=\"elementor-toggle-title\" tabindex=\"0\">Transcript<\/a>\n\t\t\t\t\t<\/div>\n\n\t\t\t\t\t<div id=\"elementor-tab-content-2021\" class=\"elementor-tab-content elementor-clearfix\" data-tab=\"1\" role=\"region\" aria-labelledby=\"elementor-tab-title-2021\"><p>The reconstruction of Warsaw&#8217;s Old Town is a phenomenon on a global scale. This is what makes Warsaw&#8217;s Old Town unique. It does not surprise with its size, it is actually very small. Its layout and form resembles other European Old Towns that were created at the same time. However, it is exceptional, because it has been rebuilt so that today it looks like it is really old! It was the first attempt in the history of the world to reconstruct the entire historical centre of the city, not only its most valuable monuments.<\/p><p>Warsaw after the war really looked like an ocean of rubble. Its reconstruction seemed impossible. Various other scenarios were considered, but thanks to the inhabitants of the city, who immediately after the war simply began to return to the city, and also thanks to people such as Professor Jan Zachwatowicz, whose monument you saw earlier, the idea of reconstruction won.<\/p><p>Immediately in 1945, the Warsaw Reconstruction Office was established, and in 1949 the government made the final decision to reconstruct the Old Town, as part of the six-year plan. First, however, hundreds of tons of rubble had to be removed and the remaining ruins secured, but the enthusiasm was enormous. The implementation of one of the most ambitious projects in the history of mankind began. And already in 1953 the Old Town Market Square was officially opened. So the reconstruction of the Old Town was very fast, it took 4 years only.<\/p><p>How was such a huge undertaking possible in a country so economically devastated by war? The source of financing was the Social Fund for the Reconstruction of the Capital City. The fund was nationwide, the money was obtained from the compulsory taxation of all working people. In addition, some products were taxed, income from cultural and artistic events and fundraisers among people was collected. Many people worked voluntarily. The current political system with centralized power made it possible to allocate a large amount of national financial resources for this single purpose. As the communist propaganda proclaimed, the whole nation rebuilt its capital.<\/p><\/div>\n\t\t\t\t<\/div>\n\t\t\t\t\t\t\t\t<\/div>\n\t\t\t\t\t\t<\/div>\n\t\t\t\t<\/div>\n\t\t\t\t<div class=\"elementor-element elementor-element-de34087 elementor-widget elementor-widget-image\" data-id=\"de34087\" data-element_type=\"widget\" data-e-type=\"widget\" data-widget_type=\"image.default\">\n\t\t\t\t<div class=\"elementor-widget-container\">\n\t\t\t\t\t\t\t\t\t\t\t\t<figure class=\"wp-caption\">\n\t\t\t\t\t\t\t\t\t\t<img loading=\"lazy\" decoding=\"async\" width=\"1500\" height=\"1500\" src=\"https:\/\/muzeumwarszawy.pl\/wp-content\/uploads\/2023\/10\/Cegielka-na-odbudowe-Warszawy-1500x1500.jpg\" class=\"attachment-large size-large wp-image-84079\" alt=\"\" srcset=\"https:\/\/muzeumwarszawy.pl\/wp-content\/uploads\/2023\/10\/Cegielka-na-odbudowe-Warszawy-1500x1500.jpg 1500w, https:\/\/muzeumwarszawy.pl\/wp-content\/uploads\/2023\/10\/Cegielka-na-odbudowe-Warszawy-300x300.jpg 300w, https:\/\/muzeumwarszawy.pl\/wp-content\/uploads\/2023\/10\/Cegielka-na-odbudowe-Warszawy-768x768.jpg 768w, https:\/\/muzeumwarszawy.pl\/wp-content\/uploads\/2023\/10\/Cegielka-na-odbudowe-Warszawy-1536x1536.jpg 1536w, https:\/\/muzeumwarszawy.pl\/wp-content\/uploads\/2023\/10\/Cegielka-na-odbudowe-Warszawy-2048x2048.jpg 2048w, https:\/\/muzeumwarszawy.pl\/wp-content\/uploads\/2023\/10\/Cegielka-na-odbudowe-Warszawy-650x650.jpg 650w\" sizes=\"(max-width: 1500px) 100vw, 1500px\" \/>\t\t\t\t\t\t\t\t\t\t\t<figcaption class=\"widget-image-caption wp-caption-text\">Donations for the reconstruction of Warsaw, Leon Szatzsznajder, 1952, Museum of Warsaw collection<\/figcaption>\n\t\t\t\t\t\t\t\t\t\t<\/figure>\n\t\t\t\t\t\t\t\t\t<\/div>\n\t\t\t\t<\/div>\n\t\t\t\t<div class=\"elementor-element elementor-element-25ad11a elementor-widget elementor-widget-toggle\" data-id=\"25ad11a\" data-element_type=\"widget\" data-e-type=\"widget\" data-widget_type=\"toggle.default\">\n\t\t\t\t<div class=\"elementor-widget-container\">\n\t\t\t\t\t\t\t<div class=\"elementor-toggle\">\n\t\t\t\t\t\t\t<div class=\"elementor-toggle-item\">\n\t\t\t\t\t<div id=\"elementor-tab-title-3951\" class=\"elementor-tab-title\" data-tab=\"1\" role=\"button\" aria-controls=\"elementor-tab-content-3951\" aria-expanded=\"false\">\n\t\t\t\t\t\t\t\t\t\t\t\t<span class=\"elementor-toggle-icon elementor-toggle-icon-left\" aria-hidden=\"true\">\n\t\t\t\t\t\t\t\t\t\t\t\t\t\t\t<span class=\"elementor-toggle-icon-closed\"><i class=\"fas fa-caret-right\"><\/i><\/span>\n\t\t\t\t\t\t\t\t<span class=\"elementor-toggle-icon-opened\"><i class=\"elementor-toggle-icon-opened fas fa-caret-up\"><\/i><\/span>\n\t\t\t\t\t\t\t\t\t\t\t\t\t<\/span>\n\t\t\t\t\t\t\t\t\t\t\t\t<a class=\"elementor-toggle-title\" tabindex=\"0\">Plan your visit in The Heritage Interpretation Center<\/a>\n\t\t\t\t\t<\/div>\n\n\t\t\t\t\t<div id=\"elementor-tab-content-3951\" class=\"elementor-tab-content elementor-clearfix\" data-tab=\"1\" role=\"region\" aria-labelledby=\"elementor-tab-title-3951\"><p>We invite you to our museum for more information about the reconstruction process and for the stories of people involved in it. We have photos, statistics, documents and objects, and we will even show you how architects used to work when there were no computers and plans were drawn by hand!<\/p><p><a href=\"https:\/\/ciz.muzeumwarszawy.pl\/en\/visit\/\">Plan your visit!<\/a><\/p><\/div>\n\t\t\t\t<\/div>\n\t\t\t\t\t\t\t\t<\/div>\n\t\t\t\t\t\t<\/div>\n\t\t\t\t<\/div>\n\t\t\t\t<div class=\"elementor-element elementor-element-c7fbd95 elementor-widget elementor-widget-heading\" data-id=\"c7fbd95\" data-element_type=\"widget\" data-e-type=\"widget\" data-widget_type=\"heading.default\">\n\t\t\t\t<div class=\"elementor-widget-container\">\n\t\t\t\t\t<h2 class=\"elementor-heading-title elementor-size-default\">10. Main Square<\/h2>\t\t\t\t<\/div>\n\t\t\t\t<\/div>\n\t\t\t\t<div class=\"elementor-element elementor-element-491188d elementor-arrows-position-inside elementor-pagination-position-outside elementor-widget elementor-widget-image-carousel\" data-id=\"491188d\" data-element_type=\"widget\" data-e-type=\"widget\" data-settings=\"{&quot;slides_to_show&quot;:&quot;1&quot;,&quot;navigation&quot;:&quot;both&quot;,&quot;autoplay&quot;:&quot;yes&quot;,&quot;pause_on_hover&quot;:&quot;yes&quot;,&quot;pause_on_interaction&quot;:&quot;yes&quot;,&quot;autoplay_speed&quot;:5000,&quot;infinite&quot;:&quot;yes&quot;,&quot;effect&quot;:&quot;slide&quot;,&quot;speed&quot;:500}\" data-widget_type=\"image-carousel.default\">\n\t\t\t\t<div class=\"elementor-widget-container\">\n\t\t\t\t\t\t\t<div class=\"elementor-image-carousel-wrapper swiper\" role=\"region\" aria-roledescription=\"carousel\" aria-label=\"Image Carousel\" dir=\"ltr\">\n\t\t\t<div class=\"elementor-image-carousel swiper-wrapper\" aria-live=\"off\">\n\t\t\t\t\t\t\t\t<div class=\"swiper-slide\" role=\"group\" aria-roledescription=\"slide\" aria-label=\"1 of 2\"><figure class=\"swiper-slide-inner\"><img decoding=\"async\" class=\"swiper-slide-image\" src=\"https:\/\/muzeumwarszawy.pl\/wp-content\/uploads\/2023\/10\/Rynek-Starego-Miasta-Strona-Barssa-1920x1259.jpg\" alt=\"Rynek Starego Miasta - Strona Barssa, ok. 1938, zbiory Muzeum Warszawy\" \/><figcaption class=\"elementor-image-carousel-caption\">Old Town Market Square, Barss Side, ca 1938, Museum of Warsaw collection<\/figcaption><\/figure><\/div><div class=\"swiper-slide\" role=\"group\" aria-roledescription=\"slide\" aria-label=\"2 of 2\"><figure class=\"swiper-slide-inner\"><img decoding=\"async\" class=\"swiper-slide-image\" src=\"https:\/\/muzeumwarszawy.pl\/wp-content\/uploads\/2023\/10\/Targ-na-Rynku-Starego-Miasta-1920x1291.jpg\" alt=\"Targ na Rynku Starego Miasta, Maurycy Pusch, ok. 1890, zbiory Muzeum Warszawy\" \/><figcaption class=\"elementor-image-carousel-caption\">Market at the Old Town Market Square, Maurycy Pusch, ca 1890, Museum of Warsaw collection<\/figcaption><\/figure><\/div>\t\t\t<\/div>\n\t\t\t\t\t\t\t\t\t\t\t\t<div class=\"elementor-swiper-button elementor-swiper-button-prev\" role=\"button\" tabindex=\"0\">\n\t\t\t\t\t\t<i aria-hidden=\"true\" class=\"eicon-chevron-left\"><\/i>\t\t\t\t\t<\/div>\n\t\t\t\t\t<div class=\"elementor-swiper-button elementor-swiper-button-next\" role=\"button\" tabindex=\"0\">\n\t\t\t\t\t\t<i aria-hidden=\"true\" class=\"eicon-chevron-right\"><\/i>\t\t\t\t\t<\/div>\n\t\t\t\t\n\t\t\t\t\t\t\t\t\t<div class=\"swiper-pagination\"><\/div>\n\t\t\t\t\t\t\t\t\t<\/div>\n\t\t\t\t\t\t<\/div>\n\t\t\t\t<\/div>\n\t\t\t\t<div class=\"elementor-element elementor-element-d49f2df elementor-widget elementor-widget-text-editor\" data-id=\"d49f2df\" data-element_type=\"widget\" data-e-type=\"widget\" data-widget_type=\"text-editor.default\">\n\t\t\t\t<div class=\"elementor-widget-container\">\n\t\t\t\t\t\t\t\t\t<p><audio class=\"wp-audio-shortcode\" id=\"audio-83948-10\" preload=\"none\" style=\"width: 100%;\" controls=\"controls\"><source type=\"audio\/mpeg\" src=\"https:\/\/muzeumwarszawy.pl\/wp-content\/uploads\/2023\/10\/mainsquare_01.mp3?_=10\" \/><a href=\"https:\/\/muzeumwarszawy.pl\/wp-content\/uploads\/2023\/10\/mainsquare_01.mp3\">https:\/\/muzeumwarszawy.pl\/wp-content\/uploads\/2023\/10\/mainsquare_01.mp3<\/a><\/audio><\/p>\t\t\t\t\t\t\t\t<\/div>\n\t\t\t\t<\/div>\n\t\t\t\t<div class=\"elementor-element elementor-element-e5f0148 elementor-widget elementor-widget-toggle\" data-id=\"e5f0148\" data-element_type=\"widget\" data-e-type=\"widget\" data-widget_type=\"toggle.default\">\n\t\t\t\t<div class=\"elementor-widget-container\">\n\t\t\t\t\t\t\t<div class=\"elementor-toggle\">\n\t\t\t\t\t\t\t<div class=\"elementor-toggle-item\">\n\t\t\t\t\t<div id=\"elementor-tab-title-2411\" class=\"elementor-tab-title\" data-tab=\"1\" role=\"button\" aria-controls=\"elementor-tab-content-2411\" aria-expanded=\"false\">\n\t\t\t\t\t\t\t\t\t\t\t\t<span class=\"elementor-toggle-icon elementor-toggle-icon-left\" aria-hidden=\"true\">\n\t\t\t\t\t\t\t\t\t\t\t\t\t\t\t<span class=\"elementor-toggle-icon-closed\"><i class=\"fas fa-caret-right\"><\/i><\/span>\n\t\t\t\t\t\t\t\t<span class=\"elementor-toggle-icon-opened\"><i class=\"elementor-toggle-icon-opened fas fa-caret-up\"><\/i><\/span>\n\t\t\t\t\t\t\t\t\t\t\t\t\t<\/span>\n\t\t\t\t\t\t\t\t\t\t\t\t<a class=\"elementor-toggle-title\" tabindex=\"0\">Transcript<\/a>\n\t\t\t\t\t<\/div>\n\n\t\t\t\t\t<div id=\"elementor-tab-content-2411\" class=\"elementor-tab-content elementor-clearfix\" data-tab=\"1\" role=\"region\" aria-labelledby=\"elementor-tab-title-2411\"><p>The Old Town Market Square is today the true heart of the Old Town. Until the end of the 18th century it was the heart of the entire Warsaw, but in 1817 a town hall on the Market Square was demolished as the Old Town ceased to be the city centre and became a poor and neglected district.<\/p><p>However, in the Middle Ages, it was the centre of trade, lined with merchant stalls.\u00a0 The buildings on the Market Square were mainly wooden. Later, brick buildings started to appear. After the fire in the beginning of the 17th century, the buildings were rebuilt, later other smaller and larger changes were made and they were finally destroyed mainly in 1944.<\/p><\/div>\n\t\t\t\t<\/div>\n\t\t\t\t\t\t\t\t<\/div>\n\t\t\t\t\t\t<\/div>\n\t\t\t\t<\/div>\n\t\t\t\t<div class=\"elementor-element elementor-element-8625926 elementor-widget elementor-widget-heading\" data-id=\"8625926\" data-element_type=\"widget\" data-e-type=\"widget\" data-widget_type=\"heading.default\">\n\t\t\t\t<div class=\"elementor-widget-container\">\n\t\t\t\t\t<h2 class=\"elementor-heading-title elementor-size-default\">11. Warsaw Mermaid<\/h2>\t\t\t\t<\/div>\n\t\t\t\t<\/div>\n\t\t\t\t<div class=\"elementor-element elementor-element-e3a8cf2 elementor-widget elementor-widget-image\" data-id=\"e3a8cf2\" data-element_type=\"widget\" data-e-type=\"widget\" data-widget_type=\"image.default\">\n\t\t\t\t<div class=\"elementor-widget-container\">\n\t\t\t\t\t\t\t\t\t\t\t\t<figure class=\"wp-caption\">\n\t\t\t\t\t\t\t\t\t\t<img loading=\"lazy\" decoding=\"async\" width=\"1920\" height=\"1280\" src=\"https:\/\/muzeumwarszawy.pl\/wp-content\/uploads\/2022\/04\/20-Magda-Zielinska-1920x1280.jpg\" class=\"attachment-large size-large wp-image-55400\" alt=\"\" srcset=\"https:\/\/muzeumwarszawy.pl\/wp-content\/uploads\/2022\/04\/20-Magda-Zielinska-1920x1280.jpg 1920w, https:\/\/muzeumwarszawy.pl\/wp-content\/uploads\/2022\/04\/20-Magda-Zielinska-300x200.jpg 300w, https:\/\/muzeumwarszawy.pl\/wp-content\/uploads\/2022\/04\/20-Magda-Zielinska-768x512.jpg 768w, https:\/\/muzeumwarszawy.pl\/wp-content\/uploads\/2022\/04\/20-Magda-Zielinska-1536x1024.jpg 1536w, https:\/\/muzeumwarszawy.pl\/wp-content\/uploads\/2022\/04\/20-Magda-Zielinska-2048x1366.jpg 2048w, https:\/\/muzeumwarszawy.pl\/wp-content\/uploads\/2022\/04\/20-Magda-Zielinska-332x222.jpg 332w, https:\/\/muzeumwarszawy.pl\/wp-content\/uploads\/2022\/04\/20-Magda-Zielinska-664x444.jpg 664w, https:\/\/muzeumwarszawy.pl\/wp-content\/uploads\/2022\/04\/20-Magda-Zielinska-650x433.jpg 650w\" sizes=\"(max-width: 1920px) 100vw, 1920px\" \/>\t\t\t\t\t\t\t\t\t\t\t<figcaption class=\"widget-image-caption wp-caption-text\">Monument of the Warsaw Mermaid at the Old Town Market Square, photo: Magda Zieli\u0144ska<\/figcaption>\n\t\t\t\t\t\t\t\t\t\t<\/figure>\n\t\t\t\t\t\t\t\t\t<\/div>\n\t\t\t\t<\/div>\n\t\t\t\t<div class=\"elementor-element elementor-element-55f2596 elementor-widget elementor-widget-text-editor\" data-id=\"55f2596\" data-element_type=\"widget\" data-e-type=\"widget\" data-widget_type=\"text-editor.default\">\n\t\t\t\t<div class=\"elementor-widget-container\">\n\t\t\t\t\t\t\t\t\t<p><audio class=\"wp-audio-shortcode\" id=\"audio-83948-11\" preload=\"none\" style=\"width: 100%;\" controls=\"controls\"><source type=\"audio\/mpeg\" src=\"https:\/\/muzeumwarszawy.pl\/wp-content\/uploads\/2023\/10\/thewarsawmermaid_01.mp3?_=11\" \/><a href=\"https:\/\/muzeumwarszawy.pl\/wp-content\/uploads\/2023\/10\/thewarsawmermaid_01.mp3\">https:\/\/muzeumwarszawy.pl\/wp-content\/uploads\/2023\/10\/thewarsawmermaid_01.mp3<\/a><\/audio><\/p>\t\t\t\t\t\t\t\t<\/div>\n\t\t\t\t<\/div>\n\t\t\t\t<div class=\"elementor-element elementor-element-0cfecc8 elementor-widget elementor-widget-toggle\" data-id=\"0cfecc8\" data-element_type=\"widget\" data-e-type=\"widget\" data-widget_type=\"toggle.default\">\n\t\t\t\t<div class=\"elementor-widget-container\">\n\t\t\t\t\t\t\t<div class=\"elementor-toggle\">\n\t\t\t\t\t\t\t<div class=\"elementor-toggle-item\">\n\t\t\t\t\t<div id=\"elementor-tab-title-1361\" class=\"elementor-tab-title\" data-tab=\"1\" role=\"button\" aria-controls=\"elementor-tab-content-1361\" aria-expanded=\"false\">\n\t\t\t\t\t\t\t\t\t\t\t\t<span class=\"elementor-toggle-icon elementor-toggle-icon-left\" aria-hidden=\"true\">\n\t\t\t\t\t\t\t\t\t\t\t\t\t\t\t<span class=\"elementor-toggle-icon-closed\"><i class=\"fas fa-caret-right\"><\/i><\/span>\n\t\t\t\t\t\t\t\t<span class=\"elementor-toggle-icon-opened\"><i class=\"elementor-toggle-icon-opened fas fa-caret-up\"><\/i><\/span>\n\t\t\t\t\t\t\t\t\t\t\t\t\t<\/span>\n\t\t\t\t\t\t\t\t\t\t\t\t<a class=\"elementor-toggle-title\" tabindex=\"0\">Transcript<\/a>\n\t\t\t\t\t<\/div>\n\n\t\t\t\t\t<div id=\"elementor-tab-content-1361\" class=\"elementor-tab-content elementor-clearfix\" data-tab=\"1\" role=\"region\" aria-labelledby=\"elementor-tab-title-1361\"><p>Polish people call her Syrenka which means Mermaid. She does not have a special name. It is one of the symbols of the city and is presented in the coat of arms of Warsaw. It is half woman, half fish, always depicted with a shield and a sword.<\/p><p>It is a surprising symbol considering the fact that Warsaw is not located by the sea, but it is located on the side of the largest Polish river &#8211; Wis\u0142a. And, according to legend, that is where Syrenka lives to this day.<\/p><p>There are many versions of this legend. There is a version that presents her as the one who tangled the fishermen&#8217;s nets, but delighted them with her wonderful singing. Another version says that she was the one who indicated the place, where Warsaw was later established.<\/p><p>Anyway, all stories assign her the role of patroness and protector of the city.<\/p><p>We will tell you more about the history of the coat of arms of Warsaw in another place. Now be sure to take a picture with one of the most beautiful Warsaw mermaids!<\/p><p>The monument, which now stands in the middle of the Market Square, was created in the mid-19th century, when the first modern waterworks designed by Henryk Marconi were being built in Warsaw.<\/p><p>The sculpture was designed by Konstantin Hegel and became part of the fountain, in the form of artificial rocks. At the beginning of the 20th century, the Mermaid disappeared from the Market Square and wandered around Warsaw. Fortunately, it survived the war, it was only slightly damaged, but it returned to the Old Town only in the 70s but not immediately to the Market Square. At first it stood on the defensive walls, but it was not safe there, so it was eventually moved to its original place, to the Old Town Main Square. Unfortunately, it was often devastated in this place, too. And here I will tell you a secret. So that this original, 19th-century sculpture would never be destroyed again, in 2008 we hid it, and you are looking at a faithful copy of it. Where can you find the real Mermaid? In the Museum of Warsaw!<\/p><\/div>\n\t\t\t\t<\/div>\n\t\t\t\t\t\t\t<div class=\"elementor-toggle-item\">\n\t\t\t\t\t<div id=\"elementor-tab-title-1362\" class=\"elementor-tab-title\" data-tab=\"2\" role=\"button\" aria-controls=\"elementor-tab-content-1362\" aria-expanded=\"false\">\n\t\t\t\t\t\t\t\t\t\t\t\t<span class=\"elementor-toggle-icon elementor-toggle-icon-left\" aria-hidden=\"true\">\n\t\t\t\t\t\t\t\t\t\t\t\t\t\t\t<span class=\"elementor-toggle-icon-closed\"><i class=\"fas fa-caret-right\"><\/i><\/span>\n\t\t\t\t\t\t\t\t<span class=\"elementor-toggle-icon-opened\"><i class=\"elementor-toggle-icon-opened fas fa-caret-up\"><\/i><\/span>\n\t\t\t\t\t\t\t\t\t\t\t\t\t<\/span>\n\t\t\t\t\t\t\t\t\t\t\t\t<a class=\"elementor-toggle-title\" tabindex=\"0\">Find out more<\/a>\n\t\t\t\t\t<\/div>\n\n\t\t\t\t\t<div id=\"elementor-tab-content-1362\" class=\"elementor-tab-content elementor-clearfix\" data-tab=\"2\" role=\"region\" aria-labelledby=\"elementor-tab-title-1362\"><p>The mermaid motif was also used for propaganda purposes during the reconstruction of Warsaw, because<\/p><blockquote><p>&#8220;The whole nation is rebuilding its capital!&#8221;<\/p><\/blockquote><\/div>\n\t\t\t\t<\/div>\n\t\t\t\t\t\t\t\t<\/div>\n\t\t\t\t\t\t<\/div>\n\t\t\t\t<\/div>\n\t\t\t\t<div class=\"elementor-element elementor-element-752fdf1 elementor-arrows-position-inside elementor-pagination-position-outside elementor-widget elementor-widget-image-carousel\" data-id=\"752fdf1\" data-element_type=\"widget\" data-e-type=\"widget\" data-settings=\"{&quot;slides_to_show&quot;:&quot;1&quot;,&quot;navigation&quot;:&quot;both&quot;,&quot;autoplay&quot;:&quot;yes&quot;,&quot;pause_on_hover&quot;:&quot;yes&quot;,&quot;pause_on_interaction&quot;:&quot;yes&quot;,&quot;autoplay_speed&quot;:5000,&quot;infinite&quot;:&quot;yes&quot;,&quot;effect&quot;:&quot;slide&quot;,&quot;speed&quot;:500}\" data-widget_type=\"image-carousel.default\">\n\t\t\t\t<div class=\"elementor-widget-container\">\n\t\t\t\t\t\t\t<div class=\"elementor-image-carousel-wrapper swiper\" role=\"region\" aria-roledescription=\"carousel\" aria-label=\"Image Carousel\" dir=\"ltr\">\n\t\t\t<div class=\"elementor-image-carousel swiper-wrapper\" aria-live=\"off\">\n\t\t\t\t\t\t\t\t<div class=\"swiper-slide\" role=\"group\" aria-roledescription=\"slide\" aria-label=\"1 of 2\"><figure class=\"swiper-slide-inner\"><img decoding=\"async\" class=\"swiper-slide-image\" src=\"https:\/\/muzeumwarszawy.pl\/wp-content\/uploads\/2023\/10\/Caly-narod-buduje-swoja-stolice_-1057x1500.jpg\" alt=\"Ca\u0142y nar\u00f3d buduje swoj\u0105 stolic\u0119, plakat, \nWiktor G\u00f3rka, \nSpo\u0142eczny Fundusz Odbudowy Kraju i Stolicy, 1954, zbiory Muzeum Warszawy\" \/><figcaption class=\"elementor-image-carousel-caption\">The whole nation is rebuilding its capital, poster, Wiktor G\u00f3rka, 1954, Social Fund for the Reconstruction of the Country and the Capital, Museum of Warsaw collection<\/figcaption><\/figure><\/div><div class=\"swiper-slide\" role=\"group\" aria-roledescription=\"slide\" aria-label=\"2 of 2\"><figure class=\"swiper-slide-inner\"><img decoding=\"async\" class=\"swiper-slide-image\" src=\"https:\/\/muzeumwarszawy.pl\/wp-content\/uploads\/2023\/10\/Caly-narod-buduje-swoja-stolice-1066x1500.jpg\" alt=\"Ca\u0142y nar\u00f3d buduje swoj\u0105 stolic\u0119, plakat, \nWiktor G\u00f3rka, \nSpo\u0142eczny Fundusz Odbudowy Kraju i Stolicy, 1956, zbiory Muzeum Warszawy\" \/><figcaption class=\"elementor-image-carousel-caption\">The whole nation is rebuilding its capital, poster, Wiktor G\u00f3rka, 1956, Social Fund for the Reconstruction of the Country and the Capital, Museum of Warsaw collection<\/figcaption><\/figure><\/div>\t\t\t<\/div>\n\t\t\t\t\t\t\t\t\t\t\t\t<div class=\"elementor-swiper-button elementor-swiper-button-prev\" role=\"button\" tabindex=\"0\">\n\t\t\t\t\t\t<i aria-hidden=\"true\" class=\"eicon-chevron-left\"><\/i>\t\t\t\t\t<\/div>\n\t\t\t\t\t<div class=\"elementor-swiper-button elementor-swiper-button-next\" role=\"button\" tabindex=\"0\">\n\t\t\t\t\t\t<i aria-hidden=\"true\" class=\"eicon-chevron-right\"><\/i>\t\t\t\t\t<\/div>\n\t\t\t\t\n\t\t\t\t\t\t\t\t\t<div class=\"swiper-pagination\"><\/div>\n\t\t\t\t\t\t\t\t\t<\/div>\n\t\t\t\t\t\t<\/div>\n\t\t\t\t<\/div>\n\t\t\t\t<div class=\"elementor-element elementor-element-51b42c3 elementor-widget elementor-widget-heading\" data-id=\"51b42c3\" data-element_type=\"widget\" data-e-type=\"widget\" data-widget_type=\"heading.default\">\n\t\t\t\t<div class=\"elementor-widget-container\">\n\t\t\t\t\t<h2 class=\"elementor-heading-title elementor-size-default\">12. Museum of Warsaw<\/h2>\t\t\t\t<\/div>\n\t\t\t\t<\/div>\n\t\t\t\t<div class=\"elementor-element elementor-element-79073ae elementor-widget elementor-widget-image\" data-id=\"79073ae\" data-element_type=\"widget\" data-e-type=\"widget\" data-widget_type=\"image.default\">\n\t\t\t\t<div class=\"elementor-widget-container\">\n\t\t\t\t\t\t\t\t\t\t\t\t<figure class=\"wp-caption\">\n\t\t\t\t\t\t\t\t\t\t<img loading=\"lazy\" decoding=\"async\" width=\"1000\" height=\"1500\" src=\"https:\/\/muzeumwarszawy.pl\/wp-content\/uploads\/2023\/10\/340A5929_1600pix_\u00a9TKaczor-1000x1500.jpg\" class=\"attachment-large size-large wp-image-84145\" alt=\"\" srcset=\"https:\/\/muzeumwarszawy.pl\/wp-content\/uploads\/2023\/10\/340A5929_1600pix_\u00a9TKaczor-1000x1500.jpg 1000w, https:\/\/muzeumwarszawy.pl\/wp-content\/uploads\/2023\/10\/340A5929_1600pix_\u00a9TKaczor-200x300.jpg 200w, https:\/\/muzeumwarszawy.pl\/wp-content\/uploads\/2023\/10\/340A5929_1600pix_\u00a9TKaczor-768x1152.jpg 768w, https:\/\/muzeumwarszawy.pl\/wp-content\/uploads\/2023\/10\/340A5929_1600pix_\u00a9TKaczor-1024x1536.jpg 1024w, https:\/\/muzeumwarszawy.pl\/wp-content\/uploads\/2023\/10\/340A5929_1600pix_\u00a9TKaczor-467x700.jpg 467w, https:\/\/muzeumwarszawy.pl\/wp-content\/uploads\/2023\/10\/340A5929_1600pix_\u00a9TKaczor.jpg 1067w\" sizes=\"(max-width: 1000px) 100vw, 1000px\" \/>\t\t\t\t\t\t\t\t\t\t\t<figcaption class=\"widget-image-caption wp-caption-text\">Museum of Warsaw, photo: Tomasz Kaczor<\/figcaption>\n\t\t\t\t\t\t\t\t\t\t<\/figure>\n\t\t\t\t\t\t\t\t\t<\/div>\n\t\t\t\t<\/div>\n\t\t\t\t<div class=\"elementor-element elementor-element-ad71e95 elementor-widget elementor-widget-text-editor\" data-id=\"ad71e95\" data-element_type=\"widget\" data-e-type=\"widget\" data-widget_type=\"text-editor.default\">\n\t\t\t\t<div class=\"elementor-widget-container\">\n\t\t\t\t\t\t\t\t\t<p><audio class=\"wp-audio-shortcode\" id=\"audio-83948-12\" preload=\"none\" style=\"width: 100%;\" controls=\"controls\"><source type=\"audio\/mpeg\" src=\"https:\/\/muzeumwarszawy.pl\/wp-content\/uploads\/2023\/10\/themuseumofwarsaw_01.mp3?_=12\" \/><a href=\"https:\/\/muzeumwarszawy.pl\/wp-content\/uploads\/2023\/10\/themuseumofwarsaw_01.mp3\">https:\/\/muzeumwarszawy.pl\/wp-content\/uploads\/2023\/10\/themuseumofwarsaw_01.mp3<\/a><\/audio><\/p>\t\t\t\t\t\t\t\t<\/div>\n\t\t\t\t<\/div>\n\t\t\t\t<div class=\"elementor-element elementor-element-dc29b51 elementor-widget elementor-widget-toggle\" data-id=\"dc29b51\" data-element_type=\"widget\" data-e-type=\"widget\" data-widget_type=\"toggle.default\">\n\t\t\t\t<div class=\"elementor-widget-container\">\n\t\t\t\t\t\t\t<div class=\"elementor-toggle\">\n\t\t\t\t\t\t\t<div class=\"elementor-toggle-item\">\n\t\t\t\t\t<div id=\"elementor-tab-title-2301\" class=\"elementor-tab-title\" data-tab=\"1\" role=\"button\" aria-controls=\"elementor-tab-content-2301\" aria-expanded=\"false\">\n\t\t\t\t\t\t\t\t\t\t\t\t<span class=\"elementor-toggle-icon elementor-toggle-icon-left\" aria-hidden=\"true\">\n\t\t\t\t\t\t\t\t\t\t\t\t\t\t\t<span class=\"elementor-toggle-icon-closed\"><i class=\"fas fa-caret-right\"><\/i><\/span>\n\t\t\t\t\t\t\t\t<span class=\"elementor-toggle-icon-opened\"><i class=\"elementor-toggle-icon-opened fas fa-caret-up\"><\/i><\/span>\n\t\t\t\t\t\t\t\t\t\t\t\t\t<\/span>\n\t\t\t\t\t\t\t\t\t\t\t\t<a class=\"elementor-toggle-title\" tabindex=\"0\">Transrcipt<\/a>\n\t\t\t\t\t<\/div>\n\n\t\t\t\t\t<div id=\"elementor-tab-content-2301\" class=\"elementor-tab-content elementor-clearfix\" data-tab=\"1\" role=\"region\" aria-labelledby=\"elementor-tab-title-2301\"><p>Our museum, the Museum of Warsaw is an extraordinary museum. A museum that uniquely combines the old with the modern. It is located in old tenement houses. Of course, rebuilt after the destruction of the Second World War, but this side of the Old Town Square, called the Dekert side, after one of the mayors of the old Warsaw, has survived to the greatest extent. Therefore, apart from the fact that the museum building itself is old, the objects presented in there can also be classified as old ones, more or less, but still from the old days. And they are authentic items. However, the form in which they are presented is very modern. And the museum itself, as an institution, is also very modern and open.<\/p><p>Keynote of the museum is: Extraordinary Stories Of Ordinary Things.<\/p><p>The Museum of Warsaw collects the things of Warsaw, researches them and makes them available to the public. The core exhibition refers to the histories of particular objects in order to speak about historical events and people who had made an impact on the shape and character of contemporary Warsaw.<\/p><p>Visit us and check how you find this form of narration about the history of the city.<\/p><p><blockquote class=\"wp-embedded-content\" data-secret=\"j1KiBvxP6y\"><a href=\"https:\/\/muzeumwarszawy.pl\/en\/the-things-of-warsaw\/\">The Things of Warsaw<\/a><\/blockquote><iframe class=\"wp-embedded-content\" sandbox=\"allow-scripts\" security=\"restricted\" style=\"position: absolute; clip: rect(1px, 1px, 1px, 1px);\" title=\"&#8220;The Things of Warsaw&#8221; &#8212; Muzeum Warszawy\" src=\"https:\/\/muzeumwarszawy.pl\/en\/the-things-of-warsaw\/embed\/#?secret=PfcAVqHm73#?secret=j1KiBvxP6y\" data-secret=\"j1KiBvxP6y\" width=\"500\" height=\"282\" frameborder=\"0\" marginwidth=\"0\" marginheight=\"0\" scrolling=\"no\"><\/iframe><\/p><\/div>\n\t\t\t\t<\/div>\n\t\t\t\t\t\t\t<div class=\"elementor-toggle-item\">\n\t\t\t\t\t<div id=\"elementor-tab-title-2302\" class=\"elementor-tab-title\" data-tab=\"2\" role=\"button\" aria-controls=\"elementor-tab-content-2302\" aria-expanded=\"false\">\n\t\t\t\t\t\t\t\t\t\t\t\t<span class=\"elementor-toggle-icon elementor-toggle-icon-left\" aria-hidden=\"true\">\n\t\t\t\t\t\t\t\t\t\t\t\t\t\t\t<span class=\"elementor-toggle-icon-closed\"><i class=\"fas fa-caret-right\"><\/i><\/span>\n\t\t\t\t\t\t\t\t<span class=\"elementor-toggle-icon-opened\"><i class=\"elementor-toggle-icon-opened fas fa-caret-up\"><\/i><\/span>\n\t\t\t\t\t\t\t\t\t\t\t\t\t<\/span>\n\t\t\t\t\t\t\t\t\t\t\t\t<a class=\"elementor-toggle-title\" tabindex=\"0\">Find out more about The Museum of Warsaw<\/a>\n\t\t\t\t\t<\/div>\n\n\t\t\t\t\t<div id=\"elementor-tab-content-2302\" class=\"elementor-tab-content elementor-clearfix\" data-tab=\"2\" role=\"region\" aria-labelledby=\"elementor-tab-title-2302\"><p>In twenty one thematic rooms you can find works of art and objects of everyday use. They will tell you the stories of their owners and creators, as well as present the events and processes that formed this city in the past.<\/p><div id=\"attachment_73370\" style=\"width: 1310px\" class=\"wp-caption alignnone\"><a href=\"https:\/\/muzeumwarszawy.pl\/en\/listen-to-the-museum\/gabinety-3-2\/\" rel=\"attachment wp-att-73370\"><img loading=\"lazy\" decoding=\"async\" aria-describedby=\"caption-attachment-73370\" class=\"wp-image-73370 size-full\" src=\"https:\/\/muzeumwarszawy.pl\/wp-content\/uploads\/2023\/02\/gabinety-3.png\" alt=\"2 zdj\u0119cia: po lewej \u015bciana z portretami, po prawej gabloty z lask\u0105, r\u0119kawiczkami, kapeluszami\" width=\"1300\" height=\"870\" srcset=\"https:\/\/muzeumwarszawy.pl\/wp-content\/uploads\/2023\/02\/gabinety-3.png 1300w, https:\/\/muzeumwarszawy.pl\/wp-content\/uploads\/2023\/02\/gabinety-3-300x201.png 300w, https:\/\/muzeumwarszawy.pl\/wp-content\/uploads\/2023\/02\/gabinety-3-768x514.png 768w, https:\/\/muzeumwarszawy.pl\/wp-content\/uploads\/2023\/02\/gabinety-3-332x222.png 332w, https:\/\/muzeumwarszawy.pl\/wp-content\/uploads\/2023\/02\/gabinety-3-664x444.png 664w, https:\/\/muzeumwarszawy.pl\/wp-content\/uploads\/2023\/02\/gabinety-3-650x435.png 650w\" sizes=\"(max-width: 1300px) 100vw, 1300px\" \/><\/a><p id=\"caption-attachment-73370\" class=\"wp-caption-text\"><em>Interiors of themed rooms in the Museum of Warsaw<\/em><\/p><\/div><p>You can learn about the history of tenement houses, too and find many interesting Warsaw data in the basements. Stats don&#8217;t have to be boring!\u00a0<\/p><p>And you can explore the exhibition your way! At your own pace and following a route you selected yourself \u2013 you can assemble your own story of Warsaw.<\/p><div id=\"attachment_73372\" style=\"width: 1310px\" class=\"wp-caption alignnone\"><a href=\"https:\/\/muzeumwarszawy.pl\/en\/listen-to-the-museum\/gabinety-1-2\/\" rel=\"attachment wp-att-73372\"><img loading=\"lazy\" decoding=\"async\" aria-describedby=\"caption-attachment-73372\" class=\"wp-image-73372 size-full\" src=\"https:\/\/muzeumwarszawy.pl\/wp-content\/uploads\/2023\/02\/gabinety-1.png\" alt=\"2 zdj\u0119cia: po lewej gabloty a opakowaniami, po prawej z\u0142ote gabloty z przedmiotami\" width=\"1300\" height=\"870\" srcset=\"https:\/\/muzeumwarszawy.pl\/wp-content\/uploads\/2023\/02\/gabinety-1.png 1300w, https:\/\/muzeumwarszawy.pl\/wp-content\/uploads\/2023\/02\/gabinety-1-300x201.png 300w, https:\/\/muzeumwarszawy.pl\/wp-content\/uploads\/2023\/02\/gabinety-1-768x514.png 768w, https:\/\/muzeumwarszawy.pl\/wp-content\/uploads\/2023\/02\/gabinety-1-332x222.png 332w, https:\/\/muzeumwarszawy.pl\/wp-content\/uploads\/2023\/02\/gabinety-1-664x444.png 664w, https:\/\/muzeumwarszawy.pl\/wp-content\/uploads\/2023\/02\/gabinety-1-650x435.png 650w\" sizes=\"(max-width: 1300px) 100vw, 1300px\" \/><\/a><p id=\"caption-attachment-73372\" class=\"wp-caption-text\"><em>Interiors of themed rooms in the Museum of Warsaw<\/em><\/p><\/div><p>And\u2026 if you are interested in the history of the reconstruction of Warsaw, in our museum we even have a thematic path that will tell you even more stories related to it:\u00a0<a href=\"https:\/\/muzeumwarszawy.pl\/en\/exhibitions\/sciezkaodbudowy\/\">muzeumwarszawy.pl\/sciezkaodbudowy\/<\/a><\/p><\/div>\n\t\t\t\t<\/div>\n\t\t\t\t\t\t\t<div class=\"elementor-toggle-item\">\n\t\t\t\t\t<div id=\"elementor-tab-title-2303\" class=\"elementor-tab-title\" data-tab=\"3\" role=\"button\" aria-controls=\"elementor-tab-content-2303\" aria-expanded=\"false\">\n\t\t\t\t\t\t\t\t\t\t\t\t<span class=\"elementor-toggle-icon elementor-toggle-icon-left\" aria-hidden=\"true\">\n\t\t\t\t\t\t\t\t\t\t\t\t\t\t\t<span class=\"elementor-toggle-icon-closed\"><i class=\"fas fa-caret-right\"><\/i><\/span>\n\t\t\t\t\t\t\t\t<span class=\"elementor-toggle-icon-opened\"><i class=\"elementor-toggle-icon-opened fas fa-caret-up\"><\/i><\/span>\n\t\t\t\t\t\t\t\t\t\t\t\t\t<\/span>\n\t\t\t\t\t\t\t\t\t\t\t\t<a class=\"elementor-toggle-title\" tabindex=\"0\">Other branches of Museum of Warsaw<\/a>\n\t\t\t\t\t<\/div>\n\n\t\t\t\t\t<div id=\"elementor-tab-content-2303\" class=\"elementor-tab-content elementor-clearfix\" data-tab=\"3\" role=\"region\" aria-labelledby=\"elementor-tab-title-2303\"><p>Outside the headquarters Museum of Warsaw has branches in eight other locations!<\/p><ul><li><a href=\"https:\/\/muzeumpragi.pl\/en\/\">The Praga Museum of Warsaw<\/a><\/li><li><a href=\"https:\/\/muzeumwoli.muzeumwarszawy.pl\/en\/\">The Wola Museum of Warsaw<\/a><\/li><li><a href=\"https:\/\/muzeumfarmacji.muzeumwarszawy.pl\/en\/\">The Museum of Pharmacy<\/a><\/li><li><a href=\"https:\/\/muzeumdrukarstwa.muzeumwarszawy.pl\/en\/\">The Museum of Printing<\/a><\/li><li><a href=\"https:\/\/ciz.muzeumwarszawy.pl\/en\/\">The Heritage Interpretation Centre<\/a><\/li><li><a href=\"https:\/\/korczakianum.muzeumwarszawy.pl\/en\/\">Korczakianum<\/a><\/li><li><a href=\"https:\/\/palmiry.muzeumwarszawy.pl\/en\/\">Palmiry Museum \u2013 Memorial Site<\/a><\/li><li><a href=\"https:\/\/izbapamieci.muzeumwarszawy.pl\/en\/\">Hall of Remembrance at the Warsaw Insurgents Cemetery<\/a><\/li><\/ul><\/div>\n\t\t\t\t<\/div>\n\t\t\t\t\t\t\t\t<\/div>\n\t\t\t\t\t\t<\/div>\n\t\t\t\t<\/div>\n\t\t\t\t<div class=\"elementor-element elementor-element-512a19a elementor-widget elementor-widget-heading\" data-id=\"512a19a\" data-element_type=\"widget\" data-e-type=\"widget\" data-widget_type=\"heading.default\">\n\t\t\t\t<div class=\"elementor-widget-container\">\n\t\t\t\t\t<h2 class=\"elementor-heading-title elementor-size-default\">13. Piwna Street and The Antonina Le\u015bniewska Museum of Pharmacy<\/h2>\t\t\t\t<\/div>\n\t\t\t\t<\/div>\n\t\t\t\t<div class=\"elementor-element elementor-element-676f311 elementor-widget elementor-widget-image\" data-id=\"676f311\" data-element_type=\"widget\" data-e-type=\"widget\" data-widget_type=\"image.default\">\n\t\t\t\t<div class=\"elementor-widget-container\">\n\t\t\t\t\t\t\t\t\t\t\t\t<figure class=\"wp-caption\">\n\t\t\t\t\t\t\t\t\t\t<img loading=\"lazy\" decoding=\"async\" width=\"1600\" height=\"1040\" src=\"https:\/\/muzeumwarszawy.pl\/wp-content\/uploads\/2023\/10\/340A9668_1600pix_\u00a9TKaczor.jpg\" class=\"attachment-large size-large wp-image-84147\" alt=\"\" srcset=\"https:\/\/muzeumwarszawy.pl\/wp-content\/uploads\/2023\/10\/340A9668_1600pix_\u00a9TKaczor.jpg 1600w, https:\/\/muzeumwarszawy.pl\/wp-content\/uploads\/2023\/10\/340A9668_1600pix_\u00a9TKaczor-300x195.jpg 300w, https:\/\/muzeumwarszawy.pl\/wp-content\/uploads\/2023\/10\/340A9668_1600pix_\u00a9TKaczor-768x499.jpg 768w, https:\/\/muzeumwarszawy.pl\/wp-content\/uploads\/2023\/10\/340A9668_1600pix_\u00a9TKaczor-1536x998.jpg 1536w, https:\/\/muzeumwarszawy.pl\/wp-content\/uploads\/2023\/10\/340A9668_1600pix_\u00a9TKaczor-650x423.jpg 650w\" sizes=\"(max-width: 1600px) 100vw, 1600px\" \/>\t\t\t\t\t\t\t\t\t\t\t<figcaption class=\"widget-image-caption wp-caption-text\">Museum of Pharmacy, photo: Tomasz Kaczor<\/figcaption>\n\t\t\t\t\t\t\t\t\t\t<\/figure>\n\t\t\t\t\t\t\t\t\t<\/div>\n\t\t\t\t<\/div>\n\t\t\t\t<div class=\"elementor-element elementor-element-143ca78 elementor-widget elementor-widget-text-editor\" data-id=\"143ca78\" data-element_type=\"widget\" data-e-type=\"widget\" data-widget_type=\"text-editor.default\">\n\t\t\t\t<div class=\"elementor-widget-container\">\n\t\t\t\t\t\t\t\t\t<p>A branch of the Museum of Warsaw, 31\/33 Piwna Street.<\/p>\t\t\t\t\t\t\t\t<\/div>\n\t\t\t\t<\/div>\n\t\t\t\t<div class=\"elementor-element elementor-element-4486cfe elementor-widget elementor-widget-text-editor\" data-id=\"4486cfe\" data-element_type=\"widget\" data-e-type=\"widget\" data-widget_type=\"text-editor.default\">\n\t\t\t\t<div class=\"elementor-widget-container\">\n\t\t\t\t\t\t\t\t\t<p><audio class=\"wp-audio-shortcode\" id=\"audio-83948-13\" preload=\"none\" style=\"width: 100%;\" controls=\"controls\"><source type=\"audio\/mpeg\" src=\"https:\/\/muzeumwarszawy.pl\/wp-content\/uploads\/2023\/10\/piwnastreetandmuseumofpharmacy_01.mp3?_=13\" \/><a href=\"https:\/\/muzeumwarszawy.pl\/wp-content\/uploads\/2023\/10\/piwnastreetandmuseumofpharmacy_01.mp3\">https:\/\/muzeumwarszawy.pl\/wp-content\/uploads\/2023\/10\/piwnastreetandmuseumofpharmacy_01.mp3<\/a><\/audio><\/p>\t\t\t\t\t\t\t\t<\/div>\n\t\t\t\t<\/div>\n\t\t\t\t<div class=\"elementor-element elementor-element-c18b4cd elementor-widget elementor-widget-toggle\" data-id=\"c18b4cd\" data-element_type=\"widget\" data-e-type=\"widget\" data-widget_type=\"toggle.default\">\n\t\t\t\t<div class=\"elementor-widget-container\">\n\t\t\t\t\t\t\t<div class=\"elementor-toggle\">\n\t\t\t\t\t\t\t<div class=\"elementor-toggle-item\">\n\t\t\t\t\t<div id=\"elementor-tab-title-2021\" class=\"elementor-tab-title\" data-tab=\"1\" role=\"button\" aria-controls=\"elementor-tab-content-2021\" aria-expanded=\"false\">\n\t\t\t\t\t\t\t\t\t\t\t\t<span class=\"elementor-toggle-icon elementor-toggle-icon-left\" aria-hidden=\"true\">\n\t\t\t\t\t\t\t\t\t\t\t\t\t\t\t<span class=\"elementor-toggle-icon-closed\"><i class=\"fas fa-caret-right\"><\/i><\/span>\n\t\t\t\t\t\t\t\t<span class=\"elementor-toggle-icon-opened\"><i class=\"elementor-toggle-icon-opened fas fa-caret-up\"><\/i><\/span>\n\t\t\t\t\t\t\t\t\t\t\t\t\t<\/span>\n\t\t\t\t\t\t\t\t\t\t\t\t<a class=\"elementor-toggle-title\" tabindex=\"0\">Transcript<\/a>\n\t\t\t\t\t<\/div>\n\n\t\t\t\t\t<div id=\"elementor-tab-content-2021\" class=\"elementor-tab-content elementor-clearfix\" data-tab=\"1\" role=\"region\" aria-labelledby=\"elementor-tab-title-2021\"><p>It is one of the smallest museums in Warsaw, dedicated to the history of pharmacy in Warsaw and Poland. Its patron is Antonina Le\u015bniewska, a precursor of women&#8217;s emancipation in the field of pharmacy and one of the world&#8217;s first pharmacists.<\/p><p>The museum has the oldest preserved pharmacy furniture in Warsaw from the turn of the 18th and 19th centuries, as well as a collection of pharmacy vessels from the pharmacy operating since 1602 in the Royal Castle, excavated during archaeological research. You can also see exhibits related to various fields of medicine for example surgical, gynecological and dental instruments.<\/p><\/div>\n\t\t\t\t<\/div>\n\t\t\t\t\t\t\t\t<\/div>\n\t\t\t\t\t\t<\/div>\n\t\t\t\t<\/div>\n\t\t\t\t<div class=\"elementor-element elementor-element-33d95bc elementor-arrows-position-inside elementor-pagination-position-outside elementor-widget elementor-widget-image-carousel\" data-id=\"33d95bc\" data-element_type=\"widget\" data-e-type=\"widget\" data-settings=\"{&quot;slides_to_show&quot;:&quot;1&quot;,&quot;navigation&quot;:&quot;both&quot;,&quot;autoplay&quot;:&quot;yes&quot;,&quot;pause_on_hover&quot;:&quot;yes&quot;,&quot;pause_on_interaction&quot;:&quot;yes&quot;,&quot;autoplay_speed&quot;:5000,&quot;infinite&quot;:&quot;yes&quot;,&quot;effect&quot;:&quot;slide&quot;,&quot;speed&quot;:500}\" data-widget_type=\"image-carousel.default\">\n\t\t\t\t<div class=\"elementor-widget-container\">\n\t\t\t\t\t\t\t<div class=\"elementor-image-carousel-wrapper swiper\" role=\"region\" aria-roledescription=\"carousel\" aria-label=\"Image Carousel\" dir=\"ltr\">\n\t\t\t<div class=\"elementor-image-carousel swiper-wrapper\" aria-live=\"off\">\n\t\t\t\t\t\t\t\t<div class=\"swiper-slide\" role=\"group\" aria-roledescription=\"slide\" aria-label=\"1 of 3\"><figure class=\"swiper-slide-inner\"><img decoding=\"async\" class=\"swiper-slide-image\" src=\"https:\/\/muzeumwarszawy.pl\/wp-content\/uploads\/2023\/10\/Opakowanie-z-preparatem-PENICILINNUM-PROCAINICUM-2.-pol.-XX-w.-fot.-A.-Sulej-zbiory-Muzeum-Farmacji.png\" alt=\"Opakowanie z preparatem PENICILINNUM PROCAINICUM, 2. po\u0142. XX w., fot. A. Sulej, zbiory Muzeum Farmacji\" \/><figcaption class=\"elementor-image-carousel-caption\">Bottle with Penicillinum Procainicum, second half of the 20th century, photo: A. Sulej, Museum of Pharmacy collection<\/figcaption><\/figure><\/div><div class=\"swiper-slide\" role=\"group\" aria-roledescription=\"slide\" aria-label=\"2 of 3\"><figure class=\"swiper-slide-inner\"><img decoding=\"async\" class=\"swiper-slide-image\" src=\"https:\/\/muzeumwarszawy.pl\/wp-content\/uploads\/2023\/10\/Strzykawka-do-irygacji-XX-w.-fot.-A.-Niakrasau-zbiory-Muzeum-Farmacji.png\" alt=\"Strzykawka do irygacji, XX w., fot. A. Niakrasau, zbiory Muzeum Farmacji\" \/><figcaption class=\"elementor-image-carousel-caption\">Irrigation syringe, 20th century, photo: A. Niakrasau, Museum of Pharmacy collection<\/figcaption><\/figure><\/div><div class=\"swiper-slide\" role=\"group\" aria-roledescription=\"slide\" aria-label=\"3 of 3\"><figure class=\"swiper-slide-inner\"><img decoding=\"async\" class=\"swiper-slide-image\" src=\"https:\/\/muzeumwarszawy.pl\/wp-content\/uploads\/2023\/10\/Apteczka-podrozna-z-wyposazeniem-4.-cw.-XIX-w.-fot.-A.-Czechowski-A.-Niakrasau-zbiory-Muzeum-Farmacji.png\" alt=\"Apteczka podr\u00f3\u017cna z wyposa\u017ceniem, 4. \u0107w. XIX w., fot. A. Czechowski, A. Niakrasau, zbiory Muzeum Farmacji\" \/><figcaption class=\"elementor-image-carousel-caption\">Travel First Aid Kit with the accessories, 4th quarter of the 19th century, photo: A. Czechowski, A. Niakrasau, Museum of Pharmacy collection<\/figcaption><\/figure><\/div>\t\t\t<\/div>\n\t\t\t\t\t\t\t\t\t\t\t\t<div class=\"elementor-swiper-button elementor-swiper-button-prev\" role=\"button\" tabindex=\"0\">\n\t\t\t\t\t\t<i aria-hidden=\"true\" class=\"eicon-chevron-left\"><\/i>\t\t\t\t\t<\/div>\n\t\t\t\t\t<div class=\"elementor-swiper-button elementor-swiper-button-next\" role=\"button\" tabindex=\"0\">\n\t\t\t\t\t\t<i aria-hidden=\"true\" class=\"eicon-chevron-right\"><\/i>\t\t\t\t\t<\/div>\n\t\t\t\t\n\t\t\t\t\t\t\t\t\t<div class=\"swiper-pagination\"><\/div>\n\t\t\t\t\t\t\t\t\t<\/div>\n\t\t\t\t\t\t<\/div>\n\t\t\t\t<\/div>\n\t\t\t\t<div class=\"elementor-element elementor-element-b7c2128 elementor-widget elementor-widget-toggle\" data-id=\"b7c2128\" data-element_type=\"widget\" data-e-type=\"widget\" data-widget_type=\"toggle.default\">\n\t\t\t\t<div class=\"elementor-widget-container\">\n\t\t\t\t\t\t\t<div class=\"elementor-toggle\">\n\t\t\t\t\t\t\t<div class=\"elementor-toggle-item\">\n\t\t\t\t\t<div id=\"elementor-tab-title-1921\" class=\"elementor-tab-title\" data-tab=\"1\" role=\"button\" aria-controls=\"elementor-tab-content-1921\" aria-expanded=\"false\">\n\t\t\t\t\t\t\t\t\t\t\t\t<span class=\"elementor-toggle-icon elementor-toggle-icon-left\" aria-hidden=\"true\">\n\t\t\t\t\t\t\t\t\t\t\t\t\t\t\t<span class=\"elementor-toggle-icon-closed\"><i class=\"fas fa-caret-right\"><\/i><\/span>\n\t\t\t\t\t\t\t\t<span class=\"elementor-toggle-icon-opened\"><i class=\"elementor-toggle-icon-opened fas fa-caret-up\"><\/i><\/span>\n\t\t\t\t\t\t\t\t\t\t\t\t\t<\/span>\n\t\t\t\t\t\t\t\t\t\t\t\t<a class=\"elementor-toggle-title\" tabindex=\"0\">Transcript<\/a>\n\t\t\t\t\t<\/div>\n\n\t\t\t\t\t<div id=\"elementor-tab-content-1921\" class=\"elementor-tab-content elementor-clearfix\" data-tab=\"1\" role=\"region\" aria-labelledby=\"elementor-tab-title-1921\"><p>It is located on Piwna street, the longest street in Warsaw. The name means \u201ebeer street\u201d and comes from the breweries, inns and taverns that used to be located here before.<\/p><p>This area can also answer the question whether the Old Town, since it is on the UNESCO list and seems so old to us now, has been rebuilt 100% the way it looked before the war?<\/p><p>Everything that survived &#8211; portals, window frames, wall paintings, sculptural details &#8211; was restored and built-in into the walls of new tenement houses. However, sometimes it was not possible to recreate the pre-war appearance due to the lack of information and patterns. Sometimes because of the political situation. Sometimes the changes were made deliberately.<\/p><p>The demographic explosion, the development of industry, mass migrations to the city, all of this made Warsaw one of the most densely populated cities in Europe before WWII.<\/p><p>When the city was demolished after the war, urban planners and architects had the opportunity to build it anew and modernize. What changed in the Old Town? For example, courtyards were enlarged by demolishing or not rebuilding outbuildings and other annexes erected next to tenement houses later. Defensive walls were unveiled, while the houses &#8220;glued&#8221; to them were not rebuilt. A large part of the Wis\u0142a escarpment was cleared of buildings. It was necessary to take into account the new function of this place &#8211;\u00a0 residential function.<\/p><p>It was decided to improve housing conditions, give people access to light and air. Inside, small, two- and three-room apartments were built, equipped with modern solutions, such as running water or central heating.<\/p><p>Regarding the decorations outside &#8211; after the Second World War, in the changed political situation, the pre-war paintings did not fit. They could not return to the facades of houses, nor could religious elements. An example is the green house at the end of Piwna Street, where, before the war, there was the statue of Jesus Christ standing at the top, defeating death, that was depicted as a skeleton. The statue has not been reconstructed, and only the skeleton remained.<\/p><p>But mostly the artists decided to choose the affirmation of life, the subjects related to Polish history, literature, everyday life and Warsaw legends or plant and animal motifs. Great importance was attached to metalwork in the form of signboards, door fittings and window bars.\u00a0<\/p><\/div>\n\t\t\t\t<\/div>\n\t\t\t\t\t\t\t\t<\/div>\n\t\t\t\t\t\t<\/div>\n\t\t\t\t<\/div>\n\t\t\t\t<div class=\"elementor-element elementor-element-8b33dec elementor-widget elementor-widget-image\" data-id=\"8b33dec\" data-element_type=\"widget\" data-e-type=\"widget\" data-widget_type=\"image.default\">\n\t\t\t\t<div class=\"elementor-widget-container\">\n\t\t\t\t\t\t\t\t\t\t\t\t<figure class=\"wp-caption\">\n\t\t\t\t\t\t\t\t\t\t<img loading=\"lazy\" decoding=\"async\" width=\"1070\" height=\"1500\" src=\"https:\/\/muzeumwarszawy.pl\/wp-content\/uploads\/2023\/10\/U-zbiegu-ulicy-Piwnej-i-Waskiego-Dunaju-1070x1500.jpg\" class=\"attachment-large size-large wp-image-84155\" alt=\"\" srcset=\"https:\/\/muzeumwarszawy.pl\/wp-content\/uploads\/2023\/10\/U-zbiegu-ulicy-Piwnej-i-Waskiego-Dunaju-1070x1500.jpg 1070w, https:\/\/muzeumwarszawy.pl\/wp-content\/uploads\/2023\/10\/U-zbiegu-ulicy-Piwnej-i-Waskiego-Dunaju-214x300.jpg 214w, https:\/\/muzeumwarszawy.pl\/wp-content\/uploads\/2023\/10\/U-zbiegu-ulicy-Piwnej-i-Waskiego-Dunaju-768x1076.jpg 768w, https:\/\/muzeumwarszawy.pl\/wp-content\/uploads\/2023\/10\/U-zbiegu-ulicy-Piwnej-i-Waskiego-Dunaju-1096x1536.jpg 1096w, https:\/\/muzeumwarszawy.pl\/wp-content\/uploads\/2023\/10\/U-zbiegu-ulicy-Piwnej-i-Waskiego-Dunaju-1461x2048.jpg 1461w, https:\/\/muzeumwarszawy.pl\/wp-content\/uploads\/2023\/10\/U-zbiegu-ulicy-Piwnej-i-Waskiego-Dunaju-499x700.jpg 499w, https:\/\/muzeumwarszawy.pl\/wp-content\/uploads\/2023\/10\/U-zbiegu-ulicy-Piwnej-i-Waskiego-Dunaju-scaled.jpg 1827w\" sizes=\"(max-width: 1070px) 100vw, 1070px\" \/>\t\t\t\t\t\t\t\t\t\t\t<figcaption class=\"widget-image-caption wp-caption-text\">At the intersection of Piwna and W\u0105ski Dunaj Streets, Henryk Podd\u0119bski, 1917, Museum of Warsaw collection<\/figcaption>\n\t\t\t\t\t\t\t\t\t\t<\/figure>\n\t\t\t\t\t\t\t\t\t<\/div>\n\t\t\t\t<\/div>\n\t\t\t\t<div class=\"elementor-element elementor-element-5d4e3b8 elementor-arrows-position-inside elementor-pagination-position-outside elementor-widget elementor-widget-image-carousel\" data-id=\"5d4e3b8\" data-element_type=\"widget\" data-e-type=\"widget\" data-settings=\"{&quot;slides_to_show&quot;:&quot;1&quot;,&quot;navigation&quot;:&quot;both&quot;,&quot;autoplay&quot;:&quot;yes&quot;,&quot;pause_on_hover&quot;:&quot;yes&quot;,&quot;pause_on_interaction&quot;:&quot;yes&quot;,&quot;autoplay_speed&quot;:5000,&quot;infinite&quot;:&quot;yes&quot;,&quot;effect&quot;:&quot;slide&quot;,&quot;speed&quot;:500}\" data-widget_type=\"image-carousel.default\">\n\t\t\t\t<div class=\"elementor-widget-container\">\n\t\t\t\t\t\t\t<div class=\"elementor-image-carousel-wrapper swiper\" role=\"region\" aria-roledescription=\"carousel\" aria-label=\"Image Carousel\" dir=\"ltr\">\n\t\t\t<div class=\"elementor-image-carousel swiper-wrapper\" aria-live=\"off\">\n\t\t\t\t\t\t\t\t<div class=\"swiper-slide\" role=\"group\" aria-roledescription=\"slide\" aria-label=\"1 of 2\"><figure class=\"swiper-slide-inner\"><img decoding=\"async\" class=\"swiper-slide-image\" src=\"https:\/\/muzeumwarszawy.pl\/wp-content\/uploads\/2023\/10\/Szczyty-domow-na-Waskim-Dunaju-w-Warszawie-1819x1500.jpg\" alt=\"Szczyty dom\u00f3w na W\u0105skim Dunaju w Warszawie, Bronis\u0142aw Kopczy\u0144ski, 1914, zbiory Muzeum Warszawy\" \/><figcaption class=\"elementor-image-carousel-caption\">Rooftops of the buildings along W\u0105ski Dunaj Street in Warsaw, photo: Bronis\u0142aw Kopczy\u0144ski, 1914, Museum of Warsaw collection<\/figcaption><\/figure><\/div><div class=\"swiper-slide\" role=\"group\" aria-roledescription=\"slide\" aria-label=\"2 of 2\"><figure class=\"swiper-slide-inner\"><img decoding=\"async\" class=\"swiper-slide-image\" src=\"https:\/\/muzeumwarszawy.pl\/wp-content\/uploads\/2023\/10\/kamienica-pod-trupkiem-1819x1500.png\" alt=\"fot. Tomasz Tomaszuk\" \/><figcaption class=\"elementor-image-carousel-caption\">Photo: Tomasz Tomaszuk<\/figcaption><\/figure><\/div>\t\t\t<\/div>\n\t\t\t\t\t\t\t\t\t\t\t\t<div class=\"elementor-swiper-button elementor-swiper-button-prev\" role=\"button\" tabindex=\"0\">\n\t\t\t\t\t\t<i aria-hidden=\"true\" class=\"eicon-chevron-left\"><\/i>\t\t\t\t\t<\/div>\n\t\t\t\t\t<div class=\"elementor-swiper-button elementor-swiper-button-next\" role=\"button\" tabindex=\"0\">\n\t\t\t\t\t\t<i aria-hidden=\"true\" class=\"eicon-chevron-right\"><\/i>\t\t\t\t\t<\/div>\n\t\t\t\t\n\t\t\t\t\t\t\t\t\t<div class=\"swiper-pagination\"><\/div>\n\t\t\t\t\t\t\t\t\t<\/div>\n\t\t\t\t\t\t<\/div>\n\t\t\t\t<\/div>\n\t\t\t\t<div class=\"elementor-element elementor-element-3242baf elementor-widget elementor-widget-image\" data-id=\"3242baf\" data-element_type=\"widget\" data-e-type=\"widget\" data-widget_type=\"image.default\">\n\t\t\t\t<div class=\"elementor-widget-container\">\n\t\t\t\t\t\t\t\t\t\t\t\t<figure class=\"wp-caption\">\n\t\t\t\t\t\t\t\t\t\t<img loading=\"lazy\" decoding=\"async\" width=\"1920\" height=\"1081\" src=\"https:\/\/muzeumwarszawy.pl\/wp-content\/uploads\/2023\/10\/sgrafitto-scaled-e1696926633653-1920x1081.jpg\" class=\"attachment-large size-large wp-image-84161\" alt=\"\" srcset=\"https:\/\/muzeumwarszawy.pl\/wp-content\/uploads\/2023\/10\/sgrafitto-scaled-e1696926633653-1920x1081.jpg 1920w, https:\/\/muzeumwarszawy.pl\/wp-content\/uploads\/2023\/10\/sgrafitto-scaled-e1696926633653-300x169.jpg 300w, https:\/\/muzeumwarszawy.pl\/wp-content\/uploads\/2023\/10\/sgrafitto-scaled-e1696926633653-768x432.jpg 768w, https:\/\/muzeumwarszawy.pl\/wp-content\/uploads\/2023\/10\/sgrafitto-scaled-e1696926633653-1536x865.jpg 1536w, https:\/\/muzeumwarszawy.pl\/wp-content\/uploads\/2023\/10\/sgrafitto-scaled-e1696926633653-2048x1153.jpg 2048w, https:\/\/muzeumwarszawy.pl\/wp-content\/uploads\/2023\/10\/sgrafitto-scaled-e1696926633653-650x366.jpg 650w\" sizes=\"(max-width: 1920px) 100vw, 1920px\" \/>\t\t\t\t\t\t\t\t\t\t\t<figcaption class=\"widget-image-caption wp-caption-text\">Sgraffito, photo: Tomasz Tomaszuk<\/figcaption>\n\t\t\t\t\t\t\t\t\t\t<\/figure>\n\t\t\t\t\t\t\t\t\t<\/div>\n\t\t\t\t<\/div>\n\t\t\t\t<div class=\"elementor-element elementor-element-cc401aa elementor-widget elementor-widget-toggle\" data-id=\"cc401aa\" data-element_type=\"widget\" data-e-type=\"widget\" data-widget_type=\"toggle.default\">\n\t\t\t\t<div class=\"elementor-widget-container\">\n\t\t\t\t\t\t\t<div class=\"elementor-toggle\">\n\t\t\t\t\t\t\t<div class=\"elementor-toggle-item\">\n\t\t\t\t\t<div id=\"elementor-tab-title-2141\" class=\"elementor-tab-title\" data-tab=\"1\" role=\"button\" aria-controls=\"elementor-tab-content-2141\" aria-expanded=\"false\">\n\t\t\t\t\t\t\t\t\t\t\t\t<span class=\"elementor-toggle-icon elementor-toggle-icon-left\" aria-hidden=\"true\">\n\t\t\t\t\t\t\t\t\t\t\t\t\t\t\t<span class=\"elementor-toggle-icon-closed\"><i class=\"fas fa-caret-right\"><\/i><\/span>\n\t\t\t\t\t\t\t\t<span class=\"elementor-toggle-icon-opened\"><i class=\"elementor-toggle-icon-opened fas fa-caret-up\"><\/i><\/span>\n\t\t\t\t\t\t\t\t\t\t\t\t\t<\/span>\n\t\t\t\t\t\t\t\t\t\t\t\t<a class=\"elementor-toggle-title\" tabindex=\"0\">Transcript<\/a>\n\t\t\t\t\t<\/div>\n\n\t\t\t\t\t<div id=\"elementor-tab-content-2141\" class=\"elementor-tab-content elementor-clearfix\" data-tab=\"1\" role=\"region\" aria-labelledby=\"elementor-tab-title-2141\"><p>Tenement houses were decorated mainly with the sgraffito technique which consisted in applying successive colored layers of plaster and scraping off fragments of the top layers, so that a multi-colored pattern was created.\u00a0 It was technique that was\u00a0 simple, quick, and long\u00a0 lasting. You can see it all around. In exceptional cases only, the facades were decorated with paintings. Today, after subsequent renovations of the facades, beautiful paintings appear. The great example of it is the painting on W\u0105ski Dunaj Street,\u00a0 that reminds of the marketplace which used to exist there.<\/p><\/div>\n\t\t\t\t<\/div>\n\t\t\t\t\t\t\t\t<\/div>\n\t\t\t\t\t\t<\/div>\n\t\t\t\t<\/div>\n\t\t\t\t<div class=\"elementor-element elementor-element-24a569e elementor-widget elementor-widget-heading\" data-id=\"24a569e\" data-element_type=\"widget\" data-e-type=\"widget\" data-widget_type=\"heading.default\">\n\t\t\t\t<div class=\"elementor-widget-container\">\n\t\t\t\t\t<h2 class=\"elementor-heading-title elementor-size-default\">14. Szeroki Dunaj<\/h2>\t\t\t\t<\/div>\n\t\t\t\t<\/div>\n\t\t\t\t<div class=\"elementor-element elementor-element-dbe1f1e elementor-widget elementor-widget-image\" data-id=\"dbe1f1e\" data-element_type=\"widget\" data-e-type=\"widget\" data-widget_type=\"image.default\">\n\t\t\t\t<div class=\"elementor-widget-container\">\n\t\t\t\t\t\t\t\t\t\t\t\t<figure class=\"wp-caption\">\n\t\t\t\t\t\t\t\t\t\t<img loading=\"lazy\" decoding=\"async\" width=\"1920\" height=\"1180\" src=\"https:\/\/muzeumwarszawy.pl\/wp-content\/uploads\/2023\/10\/Targowisko-na-Szerokim-Dunaju-1920x1180.jpg\" class=\"attachment-large size-large wp-image-84163\" alt=\"\" srcset=\"https:\/\/muzeumwarszawy.pl\/wp-content\/uploads\/2023\/10\/Targowisko-na-Szerokim-Dunaju-1920x1180.jpg 1920w, https:\/\/muzeumwarszawy.pl\/wp-content\/uploads\/2023\/10\/Targowisko-na-Szerokim-Dunaju-300x184.jpg 300w, https:\/\/muzeumwarszawy.pl\/wp-content\/uploads\/2023\/10\/Targowisko-na-Szerokim-Dunaju-768x472.jpg 768w, https:\/\/muzeumwarszawy.pl\/wp-content\/uploads\/2023\/10\/Targowisko-na-Szerokim-Dunaju-1536x944.jpg 1536w, https:\/\/muzeumwarszawy.pl\/wp-content\/uploads\/2023\/10\/Targowisko-na-Szerokim-Dunaju-2048x1259.jpg 2048w, https:\/\/muzeumwarszawy.pl\/wp-content\/uploads\/2023\/10\/Targowisko-na-Szerokim-Dunaju-650x400.jpg 650w\" sizes=\"(max-width: 1920px) 100vw, 1920px\" \/>\t\t\t\t\t\t\t\t\t\t\t<figcaption class=\"widget-image-caption wp-caption-text\">Market on Szeroki Dunaj Street, Fayette Ward Allport, 1922, Museum of Warsaw collection<\/figcaption>\n\t\t\t\t\t\t\t\t\t\t<\/figure>\n\t\t\t\t\t\t\t\t\t<\/div>\n\t\t\t\t<\/div>\n\t\t\t\t<div class=\"elementor-element elementor-element-d7f2502 elementor-widget elementor-widget-text-editor\" data-id=\"d7f2502\" data-element_type=\"widget\" data-e-type=\"widget\" data-widget_type=\"text-editor.default\">\n\t\t\t\t<div class=\"elementor-widget-container\">\n\t\t\t\t\t\t\t\t\t<p><audio class=\"wp-audio-shortcode\" id=\"audio-83948-14\" preload=\"none\" style=\"width: 100%;\" controls=\"controls\"><source type=\"audio\/mpeg\" src=\"https:\/\/muzeumwarszawy.pl\/wp-content\/uploads\/2023\/10\/szerokidunaj_01.mp3?_=14\" \/><a href=\"https:\/\/muzeumwarszawy.pl\/wp-content\/uploads\/2023\/10\/szerokidunaj_01.mp3\">https:\/\/muzeumwarszawy.pl\/wp-content\/uploads\/2023\/10\/szerokidunaj_01.mp3<\/a><\/audio><\/p>\t\t\t\t\t\t\t\t<\/div>\n\t\t\t\t<\/div>\n\t\t\t\t<div class=\"elementor-element elementor-element-74ebe4e elementor-widget elementor-widget-toggle\" data-id=\"74ebe4e\" data-element_type=\"widget\" data-e-type=\"widget\" data-widget_type=\"toggle.default\">\n\t\t\t\t<div class=\"elementor-widget-container\">\n\t\t\t\t\t\t\t<div class=\"elementor-toggle\">\n\t\t\t\t\t\t\t<div class=\"elementor-toggle-item\">\n\t\t\t\t\t<div id=\"elementor-tab-title-1221\" class=\"elementor-tab-title\" data-tab=\"1\" role=\"button\" aria-controls=\"elementor-tab-content-1221\" aria-expanded=\"false\">\n\t\t\t\t\t\t\t\t\t\t\t\t<span class=\"elementor-toggle-icon elementor-toggle-icon-left\" aria-hidden=\"true\">\n\t\t\t\t\t\t\t\t\t\t\t\t\t\t\t<span class=\"elementor-toggle-icon-closed\"><i class=\"fas fa-caret-right\"><\/i><\/span>\n\t\t\t\t\t\t\t\t<span class=\"elementor-toggle-icon-opened\"><i class=\"elementor-toggle-icon-opened fas fa-caret-up\"><\/i><\/span>\n\t\t\t\t\t\t\t\t\t\t\t\t\t<\/span>\n\t\t\t\t\t\t\t\t\t\t\t\t<a class=\"elementor-toggle-title\" tabindex=\"0\">Transcript<\/a>\n\t\t\t\t\t<\/div>\n\n\t\t\t\t\t<div id=\"elementor-tab-content-1221\" class=\"elementor-tab-content elementor-clearfix\" data-tab=\"1\" role=\"region\" aria-labelledby=\"elementor-tab-title-1221\"><p>The name of this place is Szeroki Dunaj. Szeroki means wide. Dunaj could be translated as Danube but it does not refer to the famous, big river Danube. It refers to the little stream that once existed here, which had its spring where now a well stands. Szeroki Dunaj is actually a street, but it has the form of a wide square and you reach this place through a street called W\u0105ski Dunaj. W\u0105ski means narrow.\u00a0<\/p><p>This square was once a marketplace. It is interesting that the only fish sold here was salted, because fresh fish was allowed to be sold exclusively on the Main Square. Many craftsmen lived here, mainly shoemakers, as the decorations on the facades say.<\/p><p>Look at the facade of house number 9. There you will find, between the windows, four round pictures showing how the coat of arms of Warsaw has changed. Examine from the left to the right. From the Middle Ages until today. The oldest existing image of the coat of arms of Warsaw with a mermaid appears on the seals of documents of the Warsaw City Council in the 14th century. However, for a long time, the mermaid had a completely different shape than today. The half-female, half-fish mermaid didn&#8217;t appear until the 18th century.<\/p><\/div>\n\t\t\t\t<\/div>\n\t\t\t\t\t\t\t\t<\/div>\n\t\t\t\t\t\t<\/div>\n\t\t\t\t<\/div>\n\t\t\t\t<div class=\"elementor-element elementor-element-8caef2e elementor-arrows-position-inside elementor-pagination-position-outside elementor-widget elementor-widget-image-carousel\" data-id=\"8caef2e\" data-element_type=\"widget\" data-e-type=\"widget\" data-settings=\"{&quot;slides_to_show&quot;:&quot;1&quot;,&quot;navigation&quot;:&quot;both&quot;,&quot;autoplay&quot;:&quot;yes&quot;,&quot;pause_on_hover&quot;:&quot;yes&quot;,&quot;pause_on_interaction&quot;:&quot;yes&quot;,&quot;autoplay_speed&quot;:5000,&quot;infinite&quot;:&quot;yes&quot;,&quot;effect&quot;:&quot;slide&quot;,&quot;speed&quot;:500}\" data-widget_type=\"image-carousel.default\">\n\t\t\t\t<div class=\"elementor-widget-container\">\n\t\t\t\t\t\t\t<div class=\"elementor-image-carousel-wrapper swiper\" role=\"region\" aria-roledescription=\"carousel\" aria-label=\"Image Carousel\" dir=\"ltr\">\n\t\t\t<div class=\"elementor-image-carousel swiper-wrapper\" aria-live=\"off\">\n\t\t\t\t\t\t\t\t<div class=\"swiper-slide\" role=\"group\" aria-roledescription=\"slide\" aria-label=\"1 of 4\"><figure class=\"swiper-slide-inner\"><img decoding=\"async\" class=\"swiper-slide-image\" src=\"https:\/\/muzeumwarszawy.pl\/wp-content\/uploads\/2023\/10\/Karta-zywnosciowa-dla-mieszkancow-Warszawy-1681x1500.jpg\" alt=\"Karta \u017cywno\u015bciowa dla mieszka\u0144c\u00f3w Warszawy, mi\u0119dzy 1916 a 1917, zbiory Muzeum Warszawy\" \/><figcaption class=\"elementor-image-carousel-caption\">Food ration card for the residents of Warsaw, 1916-1917, Museum of Warsaw collection<\/figcaption><\/figure><\/div><div class=\"swiper-slide\" role=\"group\" aria-roledescription=\"slide\" aria-label=\"2 of 4\"><figure class=\"swiper-slide-inner\"><img decoding=\"async\" class=\"swiper-slide-image\" src=\"https:\/\/muzeumwarszawy.pl\/wp-content\/uploads\/2023\/10\/Fragment-kafla-z-wyobrazeniem-Syreny-1-1680x1500.jpg\" alt=\"Fragment kafla z wyobra\u017ceniem Syreny, XV-XVI w., fot. I. Ole\u015b, zbiory Muzeum Warszawy\" \/><figcaption class=\"elementor-image-carousel-caption\">Fragment of a tile with an image of the Mermaid, 15th-16th century, photo: I. Ole\u015b, Museum of Warsaw collection<\/figcaption><\/figure><\/div><div class=\"swiper-slide\" role=\"group\" aria-roledescription=\"slide\" aria-label=\"3 of 4\"><figure class=\"swiper-slide-inner\"><img decoding=\"async\" class=\"swiper-slide-image\" src=\"https:\/\/muzeumwarszawy.pl\/wp-content\/uploads\/2023\/10\/Tlok-pieczetny-Zarzadu-Miejskiego-w-Warszawie-1681x1500.png\" alt=\"T\u0142ok piecz\u0119tny Zarz\u0105du Miejskiego w Warszawie, 1939, zbiory Muzeum Warszawy\" \/><figcaption class=\"elementor-image-carousel-caption\">Stamp seal of the Municipal Board in Warsaw, 1939, Museum of Warsaw collection<\/figcaption><\/figure><\/div><div class=\"swiper-slide\" role=\"group\" aria-roledescription=\"slide\" aria-label=\"4 of 4\"><figure class=\"swiper-slide-inner\"><img decoding=\"async\" class=\"swiper-slide-image\" src=\"https:\/\/muzeumwarszawy.pl\/wp-content\/uploads\/2023\/10\/Talerz-porcelanowy-z-motywem-Syreny-warszawskiej-1681x1500.png\" alt=\"Talerz porcelanowy z motywem Syreny warszawskiej, Hanna Modrzewska-Nowosielska, lata 60. XX w., zbiory Muzeum Warszawy\" \/><figcaption class=\"elementor-image-carousel-caption\">Porcelain plate with a motif of Warsaw Mermaid, Hanna Modrzewska-Nowosielska, 1960s, Museum of Warsaw collection<\/figcaption><\/figure><\/div>\t\t\t<\/div>\n\t\t\t\t\t\t\t\t\t\t\t\t<div class=\"elementor-swiper-button elementor-swiper-button-prev\" role=\"button\" tabindex=\"0\">\n\t\t\t\t\t\t<i aria-hidden=\"true\" class=\"eicon-chevron-left\"><\/i>\t\t\t\t\t<\/div>\n\t\t\t\t\t<div class=\"elementor-swiper-button elementor-swiper-button-next\" role=\"button\" tabindex=\"0\">\n\t\t\t\t\t\t<i aria-hidden=\"true\" class=\"eicon-chevron-right\"><\/i>\t\t\t\t\t<\/div>\n\t\t\t\t\n\t\t\t\t\t\t\t\t\t<div class=\"swiper-pagination\"><\/div>\n\t\t\t\t\t\t\t\t\t<\/div>\n\t\t\t\t\t\t<\/div>\n\t\t\t\t<\/div>\n\t\t\t\t<div class=\"elementor-element elementor-element-38701ee elementor-widget elementor-widget-toggle\" data-id=\"38701ee\" data-element_type=\"widget\" data-e-type=\"widget\" data-widget_type=\"toggle.default\">\n\t\t\t\t<div class=\"elementor-widget-container\">\n\t\t\t\t\t\t\t<div class=\"elementor-toggle\">\n\t\t\t\t\t\t\t<div class=\"elementor-toggle-item\">\n\t\t\t\t\t<div id=\"elementor-tab-title-5911\" class=\"elementor-tab-title\" data-tab=\"1\" role=\"button\" aria-controls=\"elementor-tab-content-5911\" aria-expanded=\"false\">\n\t\t\t\t\t\t\t\t\t\t\t\t<span class=\"elementor-toggle-icon elementor-toggle-icon-left\" aria-hidden=\"true\">\n\t\t\t\t\t\t\t\t\t\t\t\t\t\t\t<span class=\"elementor-toggle-icon-closed\"><i class=\"fas fa-caret-right\"><\/i><\/span>\n\t\t\t\t\t\t\t\t<span class=\"elementor-toggle-icon-opened\"><i class=\"elementor-toggle-icon-opened fas fa-caret-up\"><\/i><\/span>\n\t\t\t\t\t\t\t\t\t\t\t\t\t<\/span>\n\t\t\t\t\t\t\t\t\t\t\t\t<a class=\"elementor-toggle-title\" tabindex=\"0\">Transcript<\/a>\n\t\t\t\t\t<\/div>\n\n\t\t\t\t\t<div id=\"elementor-tab-content-5911\" class=\"elementor-tab-content elementor-clearfix\" data-tab=\"1\" role=\"region\" aria-labelledby=\"elementor-tab-title-5911\"><p>Polish Syrenka is related to the Siren, which in Greek mythology, is a humanlike being with an alluring voice. But she is more properly a fresh-water mermaid called melusina, a figure of European folklore, a female spirit of fresh water in a holy well or river, usually depicted as a woman who is a serpent or fish from the waist down. Sometimes it is illustrated with wings, two tails, or both. The common English translation, in any case, is neither siren nor melusina but mermaid.<\/p><\/div>\n\t\t\t\t<\/div>\n\t\t\t\t\t\t\t<div class=\"elementor-toggle-item\">\n\t\t\t\t\t<div id=\"elementor-tab-title-5912\" class=\"elementor-tab-title\" data-tab=\"2\" role=\"button\" aria-controls=\"elementor-tab-content-5912\" aria-expanded=\"false\">\n\t\t\t\t\t\t\t\t\t\t\t\t<span class=\"elementor-toggle-icon elementor-toggle-icon-left\" aria-hidden=\"true\">\n\t\t\t\t\t\t\t\t\t\t\t\t\t\t\t<span class=\"elementor-toggle-icon-closed\"><i class=\"fas fa-caret-right\"><\/i><\/span>\n\t\t\t\t\t\t\t\t<span class=\"elementor-toggle-icon-opened\"><i class=\"elementor-toggle-icon-opened fas fa-caret-up\"><\/i><\/span>\n\t\t\t\t\t\t\t\t\t\t\t\t\t<\/span>\n\t\t\t\t\t\t\t\t\t\t\t\t<a class=\"elementor-toggle-title\" tabindex=\"0\">Find out more<\/a>\n\t\t\t\t\t<\/div>\n\n\t\t\t\t\t<div id=\"elementor-tab-content-5912\" class=\"elementor-tab-content elementor-clearfix\" data-tab=\"2\" role=\"region\" aria-labelledby=\"elementor-tab-title-5912\"><p>In the Museum of Warsaw, we have a whole room dedicated to Warsaw mermaids!<\/p><p><a href=\"https:\/\/muzeumwarszawy.pl\/en\/gabinet\/room-of-warsaw-mermaids\/\">Lear more about Room of Warsaw Mermaids.<\/a><\/p><div id=\"attachment_60229\" style=\"width: 943px\" class=\"wp-caption alignnone\"><a href=\"https:\/\/muzeumwarszawy.pl\/en\/mw_2017_05-0814mc-2\/\"><img loading=\"lazy\" decoding=\"async\" aria-describedby=\"caption-attachment-60229\" class=\"wp-image-60229 size-full\" src=\"https:\/\/muzeumwarszawy.pl\/wp-content\/uploads\/2022\/07\/MW_2017_05-0814MC.jpg\" alt=\"\" width=\"933\" height=\"622\" srcset=\"https:\/\/muzeumwarszawy.pl\/wp-content\/uploads\/2022\/07\/MW_2017_05-0814MC.jpg 933w, https:\/\/muzeumwarszawy.pl\/wp-content\/uploads\/2022\/07\/MW_2017_05-0814MC-300x200.jpg 300w, https:\/\/muzeumwarszawy.pl\/wp-content\/uploads\/2022\/07\/MW_2017_05-0814MC-768x512.jpg 768w, https:\/\/muzeumwarszawy.pl\/wp-content\/uploads\/2022\/07\/MW_2017_05-0814MC-332x222.jpg 332w, https:\/\/muzeumwarszawy.pl\/wp-content\/uploads\/2022\/07\/MW_2017_05-0814MC-664x444.jpg 664w, https:\/\/muzeumwarszawy.pl\/wp-content\/uploads\/2022\/07\/MW_2017_05-0814MC-650x433.jpg 650w\" sizes=\"(max-width: 933px) 100vw, 933px\" \/><\/a><p id=\"caption-attachment-60229\" class=\"wp-caption-text\"><em>Room of Warsaw Mermaids in The Museum of Warsaw<\/em><\/p><\/div><div id=\"attachment_84179\" style=\"width: 2868px\" class=\"wp-caption alignnone\"><a href=\"https:\/\/muzeumwarszawy.pl\/en\/old-town-new-town-in-warsaw\/syrena-warszawska\/\" rel=\"attachment wp-att-84179\"><img loading=\"lazy\" decoding=\"async\" aria-describedby=\"caption-attachment-84179\" class=\"size-full wp-image-84179\" src=\"https:\/\/muzeumwarszawy.pl\/wp-content\/uploads\/2023\/10\/Syrena-warszawska.png\" alt=\"\" width=\"2858\" height=\"4000\" srcset=\"https:\/\/muzeumwarszawy.pl\/wp-content\/uploads\/2023\/10\/Syrena-warszawska.png 2858w, https:\/\/muzeumwarszawy.pl\/wp-content\/uploads\/2023\/10\/Syrena-warszawska-214x300.png 214w, https:\/\/muzeumwarszawy.pl\/wp-content\/uploads\/2023\/10\/Syrena-warszawska-1072x1500.png 1072w, https:\/\/muzeumwarszawy.pl\/wp-content\/uploads\/2023\/10\/Syrena-warszawska-768x1075.png 768w, https:\/\/muzeumwarszawy.pl\/wp-content\/uploads\/2023\/10\/Syrena-warszawska-1097x1536.png 1097w, https:\/\/muzeumwarszawy.pl\/wp-content\/uploads\/2023\/10\/Syrena-warszawska-1463x2048.png 1463w, https:\/\/muzeumwarszawy.pl\/wp-content\/uploads\/2023\/10\/Syrena-warszawska-500x700.png 500w\" sizes=\"(max-width: 2858px) 100vw, 2858px\" \/><\/a><p id=\"caption-attachment-84179\" class=\"wp-caption-text\"><em>Warsaw Mermaid, Henryk Grunwald, prior 1939, photo: A. Czechowski, M. Kalina, Museum of Warsaw collection<\/em><\/p><\/div><div id=\"attachment_84175\" style=\"width: 1839px\" class=\"wp-caption alignnone\"><a href=\"https:\/\/muzeumwarszawy.pl\/en\/old-town-new-town-in-warsaw\/zbiory-sztuki-4\/\" rel=\"attachment wp-att-84175\"><img loading=\"lazy\" decoding=\"async\" aria-describedby=\"caption-attachment-84175\" class=\"size-full wp-image-84175\" src=\"https:\/\/muzeumwarszawy.pl\/wp-content\/uploads\/2023\/10\/Wycinanka-syrena-w-chustce-scaled.jpg\" alt=\"\" width=\"1829\" height=\"2560\" srcset=\"https:\/\/muzeumwarszawy.pl\/wp-content\/uploads\/2023\/10\/Wycinanka-syrena-w-chustce-scaled.jpg 1829w, https:\/\/muzeumwarszawy.pl\/wp-content\/uploads\/2023\/10\/Wycinanka-syrena-w-chustce-214x300.jpg 214w, https:\/\/muzeumwarszawy.pl\/wp-content\/uploads\/2023\/10\/Wycinanka-syrena-w-chustce-1072x1500.jpg 1072w, https:\/\/muzeumwarszawy.pl\/wp-content\/uploads\/2023\/10\/Wycinanka-syrena-w-chustce-768x1075.jpg 768w, https:\/\/muzeumwarszawy.pl\/wp-content\/uploads\/2023\/10\/Wycinanka-syrena-w-chustce-1097x1536.jpg 1097w, https:\/\/muzeumwarszawy.pl\/wp-content\/uploads\/2023\/10\/Wycinanka-syrena-w-chustce-1463x2048.jpg 1463w, https:\/\/muzeumwarszawy.pl\/wp-content\/uploads\/2023\/10\/Wycinanka-syrena-w-chustce-500x700.jpg 500w\" sizes=\"(max-width: 1829px) 100vw, 1829px\" \/><\/a><p id=\"caption-attachment-84175\" class=\"wp-caption-text\"><em>Paper cutout, Mermaid wearing a kerchief, Wojciech Czerwosz, between 1970 and 1979, <\/em><em>Museum of Warsaw collection<\/em><\/p><\/div><\/div>\n\t\t\t\t<\/div>\n\t\t\t\t\t\t\t\t<\/div>\n\t\t\t\t\t\t<\/div>\n\t\t\t\t<\/div>\n\t\t\t\t<div class=\"elementor-element elementor-element-25e2b39 elementor-widget elementor-widget-heading\" data-id=\"25e2b39\" data-element_type=\"widget\" data-e-type=\"widget\" data-widget_type=\"heading.default\">\n\t\t\t\t<div class=\"elementor-widget-container\">\n\t\t\t\t\t<h2 class=\"elementor-heading-title elementor-size-default\">15. Barbican<\/h2>\t\t\t\t<\/div>\n\t\t\t\t<\/div>\n\t\t\t\t<div class=\"elementor-element elementor-element-d89ed97 elementor-widget elementor-widget-image\" data-id=\"d89ed97\" data-element_type=\"widget\" data-e-type=\"widget\" data-widget_type=\"image.default\">\n\t\t\t\t<div class=\"elementor-widget-container\">\n\t\t\t\t\t\t\t\t\t\t\t\t<figure class=\"wp-caption\">\n\t\t\t\t\t\t\t\t\t\t<img loading=\"lazy\" decoding=\"async\" width=\"1920\" height=\"1280\" src=\"https:\/\/muzeumwarszawy.pl\/wp-content\/uploads\/2022\/05\/20180627-IMG_9988-1920x1280.jpg\" class=\"attachment-large size-large wp-image-57753\" alt=\"\" srcset=\"https:\/\/muzeumwarszawy.pl\/wp-content\/uploads\/2022\/05\/20180627-IMG_9988-1920x1280.jpg 1920w, https:\/\/muzeumwarszawy.pl\/wp-content\/uploads\/2022\/05\/20180627-IMG_9988-300x200.jpg 300w, https:\/\/muzeumwarszawy.pl\/wp-content\/uploads\/2022\/05\/20180627-IMG_9988-768x512.jpg 768w, https:\/\/muzeumwarszawy.pl\/wp-content\/uploads\/2022\/05\/20180627-IMG_9988-1536x1024.jpg 1536w, https:\/\/muzeumwarszawy.pl\/wp-content\/uploads\/2022\/05\/20180627-IMG_9988-2048x1365.jpg 2048w, https:\/\/muzeumwarszawy.pl\/wp-content\/uploads\/2022\/05\/20180627-IMG_9988-332x222.jpg 332w, https:\/\/muzeumwarszawy.pl\/wp-content\/uploads\/2022\/05\/20180627-IMG_9988-664x444.jpg 664w, https:\/\/muzeumwarszawy.pl\/wp-content\/uploads\/2022\/05\/20180627-IMG_9988-650x433.jpg 650w\" sizes=\"(max-width: 1920px) 100vw, 1920px\" \/>\t\t\t\t\t\t\t\t\t\t\t<figcaption class=\"widget-image-caption wp-caption-text\"><\/figcaption>\n\t\t\t\t\t\t\t\t\t\t<\/figure>\n\t\t\t\t\t\t\t\t\t<\/div>\n\t\t\t\t<\/div>\n\t\t\t\t<div class=\"elementor-element elementor-element-fa0a78c elementor-widget elementor-widget-text-editor\" data-id=\"fa0a78c\" data-element_type=\"widget\" data-e-type=\"widget\" data-widget_type=\"text-editor.default\">\n\t\t\t\t<div class=\"elementor-widget-container\">\n\t\t\t\t\t\t\t\t\t<p><audio class=\"wp-audio-shortcode\" id=\"audio-83948-15\" preload=\"none\" style=\"width: 100%;\" controls=\"controls\"><source type=\"audio\/mpeg\" src=\"https:\/\/muzeumwarszawy.pl\/wp-content\/uploads\/2023\/10\/thebarbicane_01.mp3?_=15\" \/><a href=\"https:\/\/muzeumwarszawy.pl\/wp-content\/uploads\/2023\/10\/thebarbicane_01.mp3\">https:\/\/muzeumwarszawy.pl\/wp-content\/uploads\/2023\/10\/thebarbicane_01.mp3<\/a><\/audio><\/p>\t\t\t\t\t\t\t\t<\/div>\n\t\t\t\t<\/div>\n\t\t\t\t<div class=\"elementor-element elementor-element-a736d6d elementor-widget elementor-widget-toggle\" data-id=\"a736d6d\" data-element_type=\"widget\" data-e-type=\"widget\" data-widget_type=\"toggle.default\">\n\t\t\t\t<div class=\"elementor-widget-container\">\n\t\t\t\t\t\t\t<div class=\"elementor-toggle\">\n\t\t\t\t\t\t\t<div class=\"elementor-toggle-item\">\n\t\t\t\t\t<div id=\"elementor-tab-title-1751\" class=\"elementor-tab-title\" data-tab=\"1\" role=\"button\" aria-controls=\"elementor-tab-content-1751\" aria-expanded=\"false\">\n\t\t\t\t\t\t\t\t\t\t\t\t<span class=\"elementor-toggle-icon elementor-toggle-icon-left\" aria-hidden=\"true\">\n\t\t\t\t\t\t\t\t\t\t\t\t\t\t\t<span class=\"elementor-toggle-icon-closed\"><i class=\"fas fa-caret-right\"><\/i><\/span>\n\t\t\t\t\t\t\t\t<span class=\"elementor-toggle-icon-opened\"><i class=\"elementor-toggle-icon-opened fas fa-caret-up\"><\/i><\/span>\n\t\t\t\t\t\t\t\t\t\t\t\t\t<\/span>\n\t\t\t\t\t\t\t\t\t\t\t\t<a class=\"elementor-toggle-title\" tabindex=\"0\">Transcript<\/a>\n\t\t\t\t\t<\/div>\n\n\t\t\t\t\t<div id=\"elementor-tab-content-1751\" class=\"elementor-tab-content elementor-clearfix\" data-tab=\"1\" role=\"region\" aria-labelledby=\"elementor-tab-title-1751\"><p>The beginnings of the construction of the fortifications are connected to the beginning of Warsaw. The walls were necessary to protect the city. The first protection were ramparts with a wooden-earth structure. In the late 14th century, a brick wall was built, in which there were two gates and several towers. From the mid-15th century, the construction of the second, outer ring of walls began. The city also had a moat. In the 18th century, the city walls ceased to be useful. Partially demolished, in many places enclosed with tenement houses, they have survived to our times.<\/p><p>One of the most interesting elements of the city&#8217;s fortifications, popular in the Middle Ages, is the Barbican. It is a brick building sticking out from the defensive walls with turrets, erected on a gothic bridge. It gave additional protection, but it was also part of one of the city gates.<\/p><p>It was built in the mid-16th century, but already in the 18th century it was partially demolished. It no longer fulfilled defensive functions. In the 19th century, its remains were incorporated into the newly built tenement houses in its place. The photo shows Piwnica Gda\u0144ska &#8211; tenement house, which existed in its place, but was not rebuilt after the war. It was decided to rebuild the Barbican and gothic bricks were used for this, which is why it looks very real.<\/p><\/div>\n\t\t\t\t<\/div>\n\t\t\t\t\t\t\t\t<\/div>\n\t\t\t\t\t\t<\/div>\n\t\t\t\t<\/div>\n\t\t\t\t<div class=\"elementor-element elementor-element-b00e18a elementor-widget elementor-widget-image\" data-id=\"b00e18a\" data-element_type=\"widget\" data-e-type=\"widget\" data-widget_type=\"image.default\">\n\t\t\t\t<div class=\"elementor-widget-container\">\n\t\t\t\t\t\t\t\t\t\t\t\t<figure class=\"wp-caption\">\n\t\t\t\t\t\t\t\t\t\t<img loading=\"lazy\" decoding=\"async\" width=\"1920\" height=\"1258\" src=\"https:\/\/muzeumwarszawy.pl\/wp-content\/uploads\/2023\/10\/Henryk-Poddebski-1939-zbiory-Muzeum-Warszawy-1-1920x1258.jpg\" class=\"attachment-large size-large wp-image-84682\" alt=\"\" srcset=\"https:\/\/muzeumwarszawy.pl\/wp-content\/uploads\/2023\/10\/Henryk-Poddebski-1939-zbiory-Muzeum-Warszawy-1-1920x1258.jpg 1920w, https:\/\/muzeumwarszawy.pl\/wp-content\/uploads\/2023\/10\/Henryk-Poddebski-1939-zbiory-Muzeum-Warszawy-1-300x197.jpg 300w, https:\/\/muzeumwarszawy.pl\/wp-content\/uploads\/2023\/10\/Henryk-Poddebski-1939-zbiory-Muzeum-Warszawy-1-768x503.jpg 768w, https:\/\/muzeumwarszawy.pl\/wp-content\/uploads\/2023\/10\/Henryk-Poddebski-1939-zbiory-Muzeum-Warszawy-1-1536x1006.jpg 1536w, https:\/\/muzeumwarszawy.pl\/wp-content\/uploads\/2023\/10\/Henryk-Poddebski-1939-zbiory-Muzeum-Warszawy-1-2048x1342.jpg 2048w, https:\/\/muzeumwarszawy.pl\/wp-content\/uploads\/2023\/10\/Henryk-Poddebski-1939-zbiory-Muzeum-Warszawy-1-650x426.jpg 650w\" sizes=\"(max-width: 1920px) 100vw, 1920px\" \/>\t\t\t\t\t\t\t\t\t\t\t<figcaption class=\"widget-image-caption wp-caption-text\">Henryk Podd\u0119bski, 1939, Museum of Warsaw collection<\/figcaption>\n\t\t\t\t\t\t\t\t\t\t<\/figure>\n\t\t\t\t\t\t\t\t\t<\/div>\n\t\t\t\t<\/div>\n\t\t\t\t<div class=\"elementor-element elementor-element-84151ef elementor-arrows-position-inside elementor-pagination-position-outside elementor-widget elementor-widget-image-carousel\" data-id=\"84151ef\" data-element_type=\"widget\" data-e-type=\"widget\" data-settings=\"{&quot;slides_to_show&quot;:&quot;1&quot;,&quot;navigation&quot;:&quot;both&quot;,&quot;autoplay&quot;:&quot;yes&quot;,&quot;pause_on_hover&quot;:&quot;yes&quot;,&quot;pause_on_interaction&quot;:&quot;yes&quot;,&quot;autoplay_speed&quot;:5000,&quot;infinite&quot;:&quot;yes&quot;,&quot;effect&quot;:&quot;slide&quot;,&quot;speed&quot;:500}\" data-widget_type=\"image-carousel.default\">\n\t\t\t\t<div class=\"elementor-widget-container\">\n\t\t\t\t\t\t\t<div class=\"elementor-image-carousel-wrapper swiper\" role=\"region\" aria-roledescription=\"carousel\" aria-label=\"Image Carousel\" dir=\"ltr\">\n\t\t\t<div class=\"elementor-image-carousel swiper-wrapper\" aria-live=\"off\">\n\t\t\t\t\t\t\t\t<div class=\"swiper-slide\" role=\"group\" aria-roledescription=\"slide\" aria-label=\"1 of 2\"><figure class=\"swiper-slide-inner\"><img decoding=\"async\" class=\"swiper-slide-image\" src=\"https:\/\/muzeumwarszawy.pl\/wp-content\/uploads\/2023\/10\/Barbakan-w-budowie_-1392x1500.jpg\" alt=\"Barbakan w budowie, Alfred Funkiewicz, 22 kwietnia 1954, zbiory Muzeum Warszawy\" \/><figcaption class=\"elementor-image-carousel-caption\">The Barbican under construction, Alfred Funkiewicz, 22 April 1954, Museum of Warsaw collection<\/figcaption><\/figure><\/div><div class=\"swiper-slide\" role=\"group\" aria-roledescription=\"slide\" aria-label=\"2 of 2\"><figure class=\"swiper-slide-inner\"><img decoding=\"async\" class=\"swiper-slide-image\" src=\"https:\/\/muzeumwarszawy.pl\/wp-content\/uploads\/2023\/10\/Barbakan-w-budowie-A.-Funkiewicz-1392x1500.png\" alt=\"Barbakan w budowie, Alfred Funkiewicz, 26 maja 1954, zbiory Muzeum Warszawy\" \/><figcaption class=\"elementor-image-carousel-caption\">The Barbican under construction, Alfred Funkiewicz, 26 May 1954, Museum of Warsaw collection<\/figcaption><\/figure><\/div>\t\t\t<\/div>\n\t\t\t\t\t\t\t\t\t\t\t\t<div class=\"elementor-swiper-button elementor-swiper-button-prev\" role=\"button\" tabindex=\"0\">\n\t\t\t\t\t\t<i aria-hidden=\"true\" class=\"eicon-chevron-left\"><\/i>\t\t\t\t\t<\/div>\n\t\t\t\t\t<div class=\"elementor-swiper-button elementor-swiper-button-next\" role=\"button\" tabindex=\"0\">\n\t\t\t\t\t\t<i aria-hidden=\"true\" class=\"eicon-chevron-right\"><\/i>\t\t\t\t\t<\/div>\n\t\t\t\t\n\t\t\t\t\t\t\t\t\t<div class=\"swiper-pagination\"><\/div>\n\t\t\t\t\t\t\t\t\t<\/div>\n\t\t\t\t\t\t<\/div>\n\t\t\t\t<\/div>\n\t\t\t\t<div class=\"elementor-element elementor-element-6568327 elementor-widget elementor-widget-toggle\" data-id=\"6568327\" data-element_type=\"widget\" data-e-type=\"widget\" data-widget_type=\"toggle.default\">\n\t\t\t\t<div class=\"elementor-widget-container\">\n\t\t\t\t\t\t\t<div class=\"elementor-toggle\">\n\t\t\t\t\t\t\t<div class=\"elementor-toggle-item\">\n\t\t\t\t\t<div id=\"elementor-tab-title-1061\" class=\"elementor-tab-title\" data-tab=\"1\" role=\"button\" aria-controls=\"elementor-tab-content-1061\" aria-expanded=\"false\">\n\t\t\t\t\t\t\t\t\t\t\t\t<span class=\"elementor-toggle-icon elementor-toggle-icon-left\" aria-hidden=\"true\">\n\t\t\t\t\t\t\t\t\t\t\t\t\t\t\t<span class=\"elementor-toggle-icon-closed\"><i class=\"fas fa-caret-right\"><\/i><\/span>\n\t\t\t\t\t\t\t\t<span class=\"elementor-toggle-icon-opened\"><i class=\"elementor-toggle-icon-opened fas fa-caret-up\"><\/i><\/span>\n\t\t\t\t\t\t\t\t\t\t\t\t\t<\/span>\n\t\t\t\t\t\t\t\t\t\t\t\t<a class=\"elementor-toggle-title\" tabindex=\"0\">Visit the Barbican in summer<\/a>\n\t\t\t\t\t<\/div>\n\n\t\t\t\t\t<div id=\"elementor-tab-content-1061\" class=\"elementor-tab-content elementor-clearfix\" data-tab=\"1\" role=\"region\" aria-labelledby=\"elementor-tab-title-1061\"><p>In summer, you can visit the Barbican.<\/p><p>There is an exhibition of our Museum of Warsaw about the defensive walls of Old Warsaw. You will see the Old Town from a different perspective and check how much space the defenders had in these corridors upstairs.<\/p><div id=\"attachment_84183\" style=\"width: 2031px\" class=\"wp-caption alignnone\"><a href=\"https:\/\/muzeumwarszawy.pl\/en\/?attachment_id=84183\" rel=\"attachment wp-att-84183\"><img loading=\"lazy\" decoding=\"async\" aria-describedby=\"caption-attachment-84183\" class=\"wp-image-84183 size-full\" src=\"https:\/\/muzeumwarszawy.pl\/wp-content\/uploads\/2023\/10\/barbakan-wejscie.jpg\" alt=\"\" width=\"2021\" height=\"1782\" srcset=\"https:\/\/muzeumwarszawy.pl\/wp-content\/uploads\/2023\/10\/barbakan-wejscie.jpg 2021w, https:\/\/muzeumwarszawy.pl\/wp-content\/uploads\/2023\/10\/barbakan-wejscie-300x265.jpg 300w, https:\/\/muzeumwarszawy.pl\/wp-content\/uploads\/2023\/10\/barbakan-wejscie-1701x1500.jpg 1701w, https:\/\/muzeumwarszawy.pl\/wp-content\/uploads\/2023\/10\/barbakan-wejscie-768x677.jpg 768w, https:\/\/muzeumwarszawy.pl\/wp-content\/uploads\/2023\/10\/barbakan-wejscie-1536x1354.jpg 1536w, https:\/\/muzeumwarszawy.pl\/wp-content\/uploads\/2023\/10\/barbakan-wejscie-650x573.jpg 650w\" sizes=\"(max-width: 2021px) 100vw, 2021px\" \/><\/a><p id=\"caption-attachment-84183\" class=\"wp-caption-text\">\u00a0<em>Photo: Tomasz Tomaszuk<\/em><\/p><\/div><\/div>\n\t\t\t\t<\/div>\n\t\t\t\t\t\t\t\t<\/div>\n\t\t\t\t\t\t<\/div>\n\t\t\t\t<\/div>\n\t\t\t\t<div class=\"elementor-element elementor-element-f1c45e2 elementor-widget elementor-widget-heading\" data-id=\"f1c45e2\" data-element_type=\"widget\" data-e-type=\"widget\" data-widget_type=\"heading.default\">\n\t\t\t\t<div class=\"elementor-widget-container\">\n\t\t\t\t\t<h2 class=\"elementor-heading-title elementor-size-default\">16. Nowe Miasto and Marie Curie House<\/h2>\t\t\t\t<\/div>\n\t\t\t\t<\/div>\n\t\t\t\t<div class=\"elementor-element elementor-element-078fe21 elementor-widget elementor-widget-image\" data-id=\"078fe21\" data-element_type=\"widget\" data-e-type=\"widget\" data-widget_type=\"image.default\">\n\t\t\t\t<div class=\"elementor-widget-container\">\n\t\t\t\t\t\t\t\t\t\t\t\t<figure class=\"wp-caption\">\n\t\t\t\t\t\t\t\t\t\t<img loading=\"lazy\" decoding=\"async\" width=\"1920\" height=\"1364\" src=\"https:\/\/muzeumwarszawy.pl\/wp-content\/uploads\/2023\/10\/Ulica-Freta-widok-w-kierunku-kosciola-oo.-paulinow-1920x1364.jpg\" class=\"attachment-large size-large wp-image-84211\" alt=\"\" srcset=\"https:\/\/muzeumwarszawy.pl\/wp-content\/uploads\/2023\/10\/Ulica-Freta-widok-w-kierunku-kosciola-oo.-paulinow-1920x1364.jpg 1920w, https:\/\/muzeumwarszawy.pl\/wp-content\/uploads\/2023\/10\/Ulica-Freta-widok-w-kierunku-kosciola-oo.-paulinow-300x213.jpg 300w, https:\/\/muzeumwarszawy.pl\/wp-content\/uploads\/2023\/10\/Ulica-Freta-widok-w-kierunku-kosciola-oo.-paulinow-768x546.jpg 768w, https:\/\/muzeumwarszawy.pl\/wp-content\/uploads\/2023\/10\/Ulica-Freta-widok-w-kierunku-kosciola-oo.-paulinow-1536x1092.jpg 1536w, https:\/\/muzeumwarszawy.pl\/wp-content\/uploads\/2023\/10\/Ulica-Freta-widok-w-kierunku-kosciola-oo.-paulinow-2048x1455.jpg 2048w, https:\/\/muzeumwarszawy.pl\/wp-content\/uploads\/2023\/10\/Ulica-Freta-widok-w-kierunku-kosciola-oo.-paulinow-650x462.jpg 650w\" sizes=\"(max-width: 1920px) 100vw, 1920px\" \/>\t\t\t\t\t\t\t\t\t\t\t<figcaption class=\"widget-image-caption wp-caption-text\">Freta Street, view towards the Pauline Fathers Church, Maurycy Pusch, ca 1890, Museum of Warsaw collection<\/figcaption>\n\t\t\t\t\t\t\t\t\t\t<\/figure>\n\t\t\t\t\t\t\t\t\t<\/div>\n\t\t\t\t<\/div>\n\t\t\t\t<div class=\"elementor-element elementor-element-01c5959 elementor-widget elementor-widget-text-editor\" data-id=\"01c5959\" data-element_type=\"widget\" data-e-type=\"widget\" data-widget_type=\"text-editor.default\">\n\t\t\t\t<div class=\"elementor-widget-container\">\n\t\t\t\t\t\t\t\t\t<p><audio class=\"wp-audio-shortcode\" id=\"audio-83948-16\" preload=\"none\" style=\"width: 100%;\" controls=\"controls\"><source type=\"audio\/mpeg\" src=\"https:\/\/muzeumwarszawy.pl\/wp-content\/uploads\/2023\/10\/nowemiastomariecuriehouse_01.mp3?_=16\" \/><a href=\"https:\/\/muzeumwarszawy.pl\/wp-content\/uploads\/2023\/10\/nowemiastomariecuriehouse_01.mp3\">https:\/\/muzeumwarszawy.pl\/wp-content\/uploads\/2023\/10\/nowemiastomariecuriehouse_01.mp3<\/a><\/audio><\/p>\t\t\t\t\t\t\t\t<\/div>\n\t\t\t\t<\/div>\n\t\t\t\t<div class=\"elementor-element elementor-element-257e5b0 elementor-widget elementor-widget-toggle\" data-id=\"257e5b0\" data-element_type=\"widget\" data-e-type=\"widget\" data-widget_type=\"toggle.default\">\n\t\t\t\t<div class=\"elementor-widget-container\">\n\t\t\t\t\t\t\t<div class=\"elementor-toggle\">\n\t\t\t\t\t\t\t<div class=\"elementor-toggle-item\">\n\t\t\t\t\t<div id=\"elementor-tab-title-3931\" class=\"elementor-tab-title\" data-tab=\"1\" role=\"button\" aria-controls=\"elementor-tab-content-3931\" aria-expanded=\"false\">\n\t\t\t\t\t\t\t\t\t\t\t\t<span class=\"elementor-toggle-icon elementor-toggle-icon-left\" aria-hidden=\"true\">\n\t\t\t\t\t\t\t\t\t\t\t\t\t\t\t<span class=\"elementor-toggle-icon-closed\"><i class=\"fas fa-caret-right\"><\/i><\/span>\n\t\t\t\t\t\t\t\t<span class=\"elementor-toggle-icon-opened\"><i class=\"elementor-toggle-icon-opened fas fa-caret-up\"><\/i><\/span>\n\t\t\t\t\t\t\t\t\t\t\t\t\t<\/span>\n\t\t\t\t\t\t\t\t\t\t\t\t<a class=\"elementor-toggle-title\" tabindex=\"0\">Transcript<\/a>\n\t\t\t\t\t<\/div>\n\n\t\t\t\t\t<div id=\"elementor-tab-content-3931\" class=\"elementor-tab-content elementor-clearfix\" data-tab=\"1\" role=\"region\" aria-labelledby=\"elementor-tab-title-3931\"><p>Behind the city walls is Nowe Miasto. The name means New Town. New but not modern. It is also one of the oldest parts of Warsaw. It was founded at the beginning of the 15th century north of Old Warsaw.<\/p><p>The Old Town, as you can see, is not big. Already in the Middle Ages, people looking for work and a place to live came here, but the cramped Old Town tenement houses could not accommodate them. Gradually, houses for newcomers began to be built outside the walls. Among them were craftsmen, raftsmen and stallholders. Nowe Miasto was incorporated into the urban complex of Warsaw at the end of the 18th century.<\/p><p>During World War II, the New Town was also destroyed, although its reconstruction was not as spectacular and thorough as the reconstruction of the Old Town. This part is not on the UNESCO list. But it has its own\u00a0 charm. Some even prefer this part of the Old Town. It is less crowded, there are less souvenir shops while just as many cozy cafes and restaurants, as in the Old Town. It&#8217;s worth exploring the New Town, too.<\/p><p>The building on Freta 16\u00a0 can be considered an important piece of Polish\u00a0 history. It is the birthplace of the great scientist Maria Sk\u0142odowska-Curie. Yes, Madame Curie was Polish! And Varsovian! She was born here in 1867. Unfortunately, it was the time when Poland lost its independence, and this part of the country was under Russian occupation. As a woman, she could not study here, although she was extremely talented. She went to France where she made an amazing career. She was the first woman to win a Nobel Prize, and eventually even two, in two different fields of science &#8211; physics and chemistry. She discovered two radioactive elements &#8211; radium and polonium. Polonium, as a symbol of her Polish\u00a0 identity. \u00a0These chemical elements\u00a0 helped in modern cancer\u00a0 research. She is known by her French surname Curie. It was the name of her French husband, also a scientist, with whom she had worked together on radioactivity. During the First World War, she took x-rays of soldiers, driving special, adapted cars. For this purpose, she obtained a driving license as one of the first women. She was an example of a woman who was definitely ahead of her times.<\/p><\/div>\n\t\t\t\t<\/div>\n\t\t\t\t\t\t\t\t<\/div>\n\t\t\t\t\t\t<\/div>\n\t\t\t\t<\/div>\n\t\t\t\t<div class=\"elementor-element elementor-element-04bd7f4 elementor-widget elementor-widget-image\" data-id=\"04bd7f4\" data-element_type=\"widget\" data-e-type=\"widget\" data-widget_type=\"image.default\">\n\t\t\t\t<div class=\"elementor-widget-container\">\n\t\t\t\t\t\t\t\t\t\t\t\t<figure class=\"wp-caption\">\n\t\t\t\t\t\t\t\t\t\t<img loading=\"lazy\" decoding=\"async\" width=\"1523\" height=\"896\" src=\"https:\/\/muzeumwarszawy.pl\/wp-content\/uploads\/2023\/10\/tabliczka-Sklodowska.jpg\" class=\"attachment-large size-large wp-image-84213\" alt=\"\" srcset=\"https:\/\/muzeumwarszawy.pl\/wp-content\/uploads\/2023\/10\/tabliczka-Sklodowska.jpg 1523w, https:\/\/muzeumwarszawy.pl\/wp-content\/uploads\/2023\/10\/tabliczka-Sklodowska-300x176.jpg 300w, https:\/\/muzeumwarszawy.pl\/wp-content\/uploads\/2023\/10\/tabliczka-Sklodowska-768x452.jpg 768w, https:\/\/muzeumwarszawy.pl\/wp-content\/uploads\/2023\/10\/tabliczka-Sklodowska-650x382.jpg 650w\" sizes=\"(max-width: 1523px) 100vw, 1523px\" \/>\t\t\t\t\t\t\t\t\t\t\t<figcaption class=\"widget-image-caption wp-caption-text\">Photo: Tomasz Tomaszuk<\/figcaption>\n\t\t\t\t\t\t\t\t\t\t<\/figure>\n\t\t\t\t\t\t\t\t\t<\/div>\n\t\t\t\t<\/div>\n\t\t\t\t<div class=\"elementor-element elementor-element-f60cb22 elementor-widget elementor-widget-image\" data-id=\"f60cb22\" data-element_type=\"widget\" data-e-type=\"widget\" data-widget_type=\"image.default\">\n\t\t\t\t<div class=\"elementor-widget-container\">\n\t\t\t\t\t\t\t\t\t\t\t\t<figure class=\"wp-caption\">\n\t\t\t\t\t\t\t\t\t\t<img loading=\"lazy\" decoding=\"async\" width=\"1500\" height=\"1500\" src=\"https:\/\/muzeumwarszawy.pl\/wp-content\/uploads\/2023\/07\/Maria-Sklodowska-Curie.-Medal-posmiertny-Jozef-Aumiller-1934-MHW-23965-fot.-A.-Czechowski-I.-Oles-2-1500x1500.jpg\" class=\"attachment-large size-large wp-image-80860\" alt=\"\" srcset=\"https:\/\/muzeumwarszawy.pl\/wp-content\/uploads\/2023\/07\/Maria-Sklodowska-Curie.-Medal-posmiertny-Jozef-Aumiller-1934-MHW-23965-fot.-A.-Czechowski-I.-Oles-2-1500x1500.jpg 1500w, https:\/\/muzeumwarszawy.pl\/wp-content\/uploads\/2023\/07\/Maria-Sklodowska-Curie.-Medal-posmiertny-Jozef-Aumiller-1934-MHW-23965-fot.-A.-Czechowski-I.-Oles-2-300x300.jpg 300w, https:\/\/muzeumwarszawy.pl\/wp-content\/uploads\/2023\/07\/Maria-Sklodowska-Curie.-Medal-posmiertny-Jozef-Aumiller-1934-MHW-23965-fot.-A.-Czechowski-I.-Oles-2-768x768.jpg 768w, https:\/\/muzeumwarszawy.pl\/wp-content\/uploads\/2023\/07\/Maria-Sklodowska-Curie.-Medal-posmiertny-Jozef-Aumiller-1934-MHW-23965-fot.-A.-Czechowski-I.-Oles-2-1536x1536.jpg 1536w, https:\/\/muzeumwarszawy.pl\/wp-content\/uploads\/2023\/07\/Maria-Sklodowska-Curie.-Medal-posmiertny-Jozef-Aumiller-1934-MHW-23965-fot.-A.-Czechowski-I.-Oles-2-2048x2048.jpg 2048w, https:\/\/muzeumwarszawy.pl\/wp-content\/uploads\/2023\/07\/Maria-Sklodowska-Curie.-Medal-posmiertny-Jozef-Aumiller-1934-MHW-23965-fot.-A.-Czechowski-I.-Oles-2-650x650.jpg 650w\" sizes=\"(max-width: 1500px) 100vw, 1500px\" \/>\t\t\t\t\t\t\t\t\t\t\t<figcaption class=\"widget-image-caption wp-caption-text\">Maria Sk\u0142odowska-Curie. Posthumous medal, Aumiller J\u00f3zef, 1934, photo: A. Czechowski, I. Ole\u015b, Museum of Warsaw collection<\/figcaption>\n\t\t\t\t\t\t\t\t\t\t<\/figure>\n\t\t\t\t\t\t\t\t\t<\/div>\n\t\t\t\t<\/div>\n\t\t\t\t<div class=\"elementor-element elementor-element-7cd7410 elementor-widget elementor-widget-heading\" data-id=\"7cd7410\" data-element_type=\"widget\" data-e-type=\"widget\" data-widget_type=\"heading.default\">\n\t\t\t\t<div class=\"elementor-widget-container\">\n\t\t\t\t\t<h2 class=\"elementor-heading-title elementor-size-default\">17. Ghetto Wall Monument<\/h2>\t\t\t\t<\/div>\n\t\t\t\t<\/div>\n\t\t\t\t<div class=\"elementor-element elementor-element-50d0d88 elementor-widget elementor-widget-image\" data-id=\"50d0d88\" data-element_type=\"widget\" data-e-type=\"widget\" data-widget_type=\"image.default\">\n\t\t\t\t<div class=\"elementor-widget-container\">\n\t\t\t\t\t\t\t\t\t\t\t\t<figure class=\"wp-caption\">\n\t\t\t\t\t\t\t\t\t\t<img loading=\"lazy\" decoding=\"async\" width=\"1920\" height=\"728\" src=\"https:\/\/muzeumwarszawy.pl\/wp-content\/uploads\/2023\/10\/mur-getta-1920x728.jpg\" class=\"attachment-large size-large wp-image-84215\" alt=\"\" srcset=\"https:\/\/muzeumwarszawy.pl\/wp-content\/uploads\/2023\/10\/mur-getta-1920x728.jpg 1920w, https:\/\/muzeumwarszawy.pl\/wp-content\/uploads\/2023\/10\/mur-getta-300x114.jpg 300w, https:\/\/muzeumwarszawy.pl\/wp-content\/uploads\/2023\/10\/mur-getta-768x291.jpg 768w, https:\/\/muzeumwarszawy.pl\/wp-content\/uploads\/2023\/10\/mur-getta-1536x582.jpg 1536w, https:\/\/muzeumwarszawy.pl\/wp-content\/uploads\/2023\/10\/mur-getta-2048x776.jpg 2048w, https:\/\/muzeumwarszawy.pl\/wp-content\/uploads\/2023\/10\/mur-getta-650x246.jpg 650w\" sizes=\"(max-width: 1920px) 100vw, 1920px\" \/>\t\t\t\t\t\t\t\t\t\t\t<figcaption class=\"widget-image-caption wp-caption-text\">Photo: Tomasz Tomaszuk<\/figcaption>\n\t\t\t\t\t\t\t\t\t\t<\/figure>\n\t\t\t\t\t\t\t\t\t<\/div>\n\t\t\t\t<\/div>\n\t\t\t\t<div class=\"elementor-element elementor-element-41fb708 elementor-widget elementor-widget-text-editor\" data-id=\"41fb708\" data-element_type=\"widget\" data-e-type=\"widget\" data-widget_type=\"text-editor.default\">\n\t\t\t\t<div class=\"elementor-widget-container\">\n\t\t\t\t\t\t\t\t\t<p><audio class=\"wp-audio-shortcode\" id=\"audio-83948-17\" preload=\"none\" style=\"width: 100%;\" controls=\"controls\"><source type=\"audio\/mpeg\" src=\"https:\/\/muzeumwarszawy.pl\/wp-content\/uploads\/2023\/10\/ghettowallmonument_01.mp3?_=17\" \/><a href=\"https:\/\/muzeumwarszawy.pl\/wp-content\/uploads\/2023\/10\/ghettowallmonument_01.mp3\">https:\/\/muzeumwarszawy.pl\/wp-content\/uploads\/2023\/10\/ghettowallmonument_01.mp3<\/a><\/audio><\/p>\t\t\t\t\t\t\t\t<\/div>\n\t\t\t\t<\/div>\n\t\t\t\t<div class=\"elementor-element elementor-element-e6c23d8 elementor-widget elementor-widget-toggle\" data-id=\"e6c23d8\" data-element_type=\"widget\" data-e-type=\"widget\" data-widget_type=\"toggle.default\">\n\t\t\t\t<div class=\"elementor-widget-container\">\n\t\t\t\t\t\t\t<div class=\"elementor-toggle\">\n\t\t\t\t\t\t\t<div class=\"elementor-toggle-item\">\n\t\t\t\t\t<div id=\"elementor-tab-title-2411\" class=\"elementor-tab-title\" data-tab=\"1\" role=\"button\" aria-controls=\"elementor-tab-content-2411\" aria-expanded=\"false\">\n\t\t\t\t\t\t\t\t\t\t\t\t<span class=\"elementor-toggle-icon elementor-toggle-icon-left\" aria-hidden=\"true\">\n\t\t\t\t\t\t\t\t\t\t\t\t\t\t\t<span class=\"elementor-toggle-icon-closed\"><i class=\"fas fa-caret-right\"><\/i><\/span>\n\t\t\t\t\t\t\t\t<span class=\"elementor-toggle-icon-opened\"><i class=\"elementor-toggle-icon-opened fas fa-caret-up\"><\/i><\/span>\n\t\t\t\t\t\t\t\t\t\t\t\t\t<\/span>\n\t\t\t\t\t\t\t\t\t\t\t\t<a class=\"elementor-toggle-title\" tabindex=\"0\">Transcript<\/a>\n\t\t\t\t\t<\/div>\n\n\t\t\t\t\t<div id=\"elementor-tab-content-2411\" class=\"elementor-tab-content elementor-clearfix\" data-tab=\"1\" role=\"region\" aria-labelledby=\"elementor-tab-title-2411\"><p>At the intersection of \u015awi\u0119tojerska and Nowiniarska Streets, look down at your feet. You will find a metal belt with the inscription &#8220;Ghetto Wall 1940-1943&#8221; in the pavement. Together with the plaques on the post standing next to it, it is a commemoration of the borders of Warsaw Ghetto. The ghetto it was the huge, walled district for Warsaw Jews. Nazis, occupiers of the city, made it and closed Jews there, isolating them from other citizens.<\/p><p>There are over 20 such commemorations in Warsaw, consisting of a metal plaque with a map of the ghetto and a strip indicating the course of the ghetto borders. They are located in the furthest border points of the former ghetto. \u00a0It is a reminder of the dark period of city\u2019s history.<\/p><p>The area of the city where the Jewish ghetto used to be is an example of a district that has never been rebuilt. Only monuments speak of the tragedy that happened there. Today there is a new residential district there. But this is a different story and a different example of how Warsaw came back to life after the war.<\/p><p>In our museum, the Museum of Warsaw, you can find a whole room dedicated to the history of the ghetto.\u00a0 Nowadays, you can admire the collection of Judaica, objects related to Jews, who\u00a0 majorly contributed to the history of our city and country.<\/p><\/div>\n\t\t\t\t<\/div>\n\t\t\t\t\t\t\t<div class=\"elementor-toggle-item\">\n\t\t\t\t\t<div id=\"elementor-tab-title-2412\" class=\"elementor-tab-title\" data-tab=\"2\" role=\"button\" aria-controls=\"elementor-tab-content-2412\" aria-expanded=\"false\">\n\t\t\t\t\t\t\t\t\t\t\t\t<span class=\"elementor-toggle-icon elementor-toggle-icon-left\" aria-hidden=\"true\">\n\t\t\t\t\t\t\t\t\t\t\t\t\t\t\t<span class=\"elementor-toggle-icon-closed\"><i class=\"fas fa-caret-right\"><\/i><\/span>\n\t\t\t\t\t\t\t\t<span class=\"elementor-toggle-icon-opened\"><i class=\"elementor-toggle-icon-opened fas fa-caret-up\"><\/i><\/span>\n\t\t\t\t\t\t\t\t\t\t\t\t\t<\/span>\n\t\t\t\t\t\t\t\t\t\t\t\t<a class=\"elementor-toggle-title\" tabindex=\"0\">Find out more<\/a>\n\t\t\t\t\t<\/div>\n\n\t\t\t\t\t<div id=\"elementor-tab-content-2412\" class=\"elementor-tab-content elementor-clearfix\" data-tab=\"2\" role=\"region\" aria-labelledby=\"elementor-tab-title-2412\"><p>Before the war, Warsaw was home to the largest Jewish community in Europe and the second largest one (after New York) in the world. At that time, Jews constituted 30% of the town&#8217;s population. Unfortunately, almost all of this community has practically disappeared as a result of the Holocaust.<\/p><p>The Nazis first closed the Jews in one place, in the area that isolated them from the rest of the city&#8217;s inhabitants that is why it was called the ghetto. It was surrounded by a wall. The strip in the pavement, \u00a0near the place where you are standing, is a reminder of Ghetto\u2019s wall. Some of the Jews squeezed in the ghetto died of exhaustion, starvation and overall inhumane living conditions. Most of them were transported to the gas chambers in the Treblinka extermination camp. The rest of them almost entirely perished during the ghetto uprising that broke out on April 19, 1943. After its fall, the area of the ghetto was razed to the ground. Therefore, you will not see the original Jewish houses here. They have never been rebuilt, but monuments commemorating this community have been unveiled in the area of the former Jewish ghetto. <a href=\"https:\/\/muzeumwarszawy.pl\/en\/old-town-new-town-in-warsaw\/ruiny-getta\/\" rel=\"attachment wp-att-84222\"><img loading=\"lazy\" decoding=\"async\" class=\"size-full wp-image-84222\" src=\"https:\/\/muzeumwarszawy.pl\/wp-content\/uploads\/2023\/10\/Ruiny-getta-scaled.jpg\" alt=\"\" width=\"2560\" height=\"2532\" srcset=\"https:\/\/muzeumwarszawy.pl\/wp-content\/uploads\/2023\/10\/Ruiny-getta-scaled.jpg 2560w, https:\/\/muzeumwarszawy.pl\/wp-content\/uploads\/2023\/10\/Ruiny-getta-300x297.jpg 300w, https:\/\/muzeumwarszawy.pl\/wp-content\/uploads\/2023\/10\/Ruiny-getta-1516x1500.jpg 1516w, https:\/\/muzeumwarszawy.pl\/wp-content\/uploads\/2023\/10\/Ruiny-getta-768x760.jpg 768w, https:\/\/muzeumwarszawy.pl\/wp-content\/uploads\/2023\/10\/Ruiny-getta-1536x1519.jpg 1536w, https:\/\/muzeumwarszawy.pl\/wp-content\/uploads\/2023\/10\/Ruiny-getta-2048x2026.jpg 2048w, https:\/\/muzeumwarszawy.pl\/wp-content\/uploads\/2023\/10\/Ruiny-getta-650x643.jpg 650w\" sizes=\"(max-width: 2560px) 100vw, 2560px\" \/><\/a><\/p><p><em>Ruins of the ghetto, Maria Chrz\u0105szczowa, 1945, Museum of Warsaw collection<\/em><\/p><p><a style=\"font-size: 16px;\" href=\"https:\/\/muzeumwarszawy.pl\/en\/old-town-new-town-in-warsaw\/zbiory-wydzielone-fotografia-5\/\" rel=\"attachment wp-att-84220\"><img loading=\"lazy\" decoding=\"async\" class=\"size-full wp-image-84220\" src=\"https:\/\/muzeumwarszawy.pl\/wp-content\/uploads\/2023\/10\/Znicz-fragment-pomnika-Bohaterow-Getta-scaled.jpg\" alt=\"\" width=\"1725\" height=\"2560\" srcset=\"https:\/\/muzeumwarszawy.pl\/wp-content\/uploads\/2023\/10\/Znicz-fragment-pomnika-Bohaterow-Getta-scaled.jpg 1725w, https:\/\/muzeumwarszawy.pl\/wp-content\/uploads\/2023\/10\/Znicz-fragment-pomnika-Bohaterow-Getta-202x300.jpg 202w, https:\/\/muzeumwarszawy.pl\/wp-content\/uploads\/2023\/10\/Znicz-fragment-pomnika-Bohaterow-Getta-1010x1500.jpg 1010w, https:\/\/muzeumwarszawy.pl\/wp-content\/uploads\/2023\/10\/Znicz-fragment-pomnika-Bohaterow-Getta-768x1140.jpg 768w, https:\/\/muzeumwarszawy.pl\/wp-content\/uploads\/2023\/10\/Znicz-fragment-pomnika-Bohaterow-Getta-1035x1536.jpg 1035w, https:\/\/muzeumwarszawy.pl\/wp-content\/uploads\/2023\/10\/Znicz-fragment-pomnika-Bohaterow-Getta-1380x2048.jpg 1380w, https:\/\/muzeumwarszawy.pl\/wp-content\/uploads\/2023\/10\/Znicz-fragment-pomnika-Bohaterow-Getta-472x700.jpg 472w\" sizes=\"(max-width: 1725px) 100vw, 1725px\" \/><\/a><\/p><em>Memorial candle, fragment of the Monument to the Ghetto Heroes, Alfred Funkiewicz, 1948, Museum of Warsaw collection<\/em><\/div>\n\t\t\t\t<\/div>\n\t\t\t\t\t\t\t\t<\/div>\n\t\t\t\t\t\t<\/div>\n\t\t\t\t<\/div>\n\t\t\t\t<div class=\"elementor-element elementor-element-efc9356 elementor-widget elementor-widget-text-editor\" data-id=\"efc9356\" data-element_type=\"widget\" data-e-type=\"widget\" data-widget_type=\"text-editor.default\">\n\t\t\t\t<div class=\"elementor-widget-container\">\n\t\t\t\t\t\t\t\t\t<p>It is impossible to miss a very big, green building nearby.\u00a0 It is the seat of the Supreme Court, as well as the Warsaw Court of Appeal.<\/p><p>Go to the back of this building to the last stop on the route of our tour. On the way to the Uprising Monument you will see the three statues of caryatids symbolizing the virtues: faith, hope and love.<\/p>\t\t\t\t\t\t\t\t<\/div>\n\t\t\t\t<\/div>\n\t\t\t\t<div class=\"elementor-element elementor-element-2fa9e58 elementor-widget elementor-widget-heading\" data-id=\"2fa9e58\" data-element_type=\"widget\" data-e-type=\"widget\" data-widget_type=\"heading.default\">\n\t\t\t\t<div class=\"elementor-widget-container\">\n\t\t\t\t\t<h2 class=\"elementor-heading-title elementor-size-default\">18. Warsaw Uprising Monument<\/h2>\t\t\t\t<\/div>\n\t\t\t\t<\/div>\n\t\t\t\t<div class=\"elementor-element elementor-element-11c5738 elementor-widget elementor-widget-image\" data-id=\"11c5738\" data-element_type=\"widget\" data-e-type=\"widget\" data-widget_type=\"image.default\">\n\t\t\t\t<div class=\"elementor-widget-container\">\n\t\t\t\t\t\t\t\t\t\t\t\t<figure class=\"wp-caption\">\n\t\t\t\t\t\t\t\t\t\t<img loading=\"lazy\" decoding=\"async\" width=\"1135\" height=\"1500\" src=\"https:\/\/muzeumwarszawy.pl\/wp-content\/uploads\/2023\/10\/Pogorzelcy-1135x1500.jpg\" class=\"attachment-large size-large wp-image-84227\" alt=\"\" srcset=\"https:\/\/muzeumwarszawy.pl\/wp-content\/uploads\/2023\/10\/Pogorzelcy-1135x1500.jpg 1135w, https:\/\/muzeumwarszawy.pl\/wp-content\/uploads\/2023\/10\/Pogorzelcy-227x300.jpg 227w, https:\/\/muzeumwarszawy.pl\/wp-content\/uploads\/2023\/10\/Pogorzelcy-768x1015.jpg 768w, https:\/\/muzeumwarszawy.pl\/wp-content\/uploads\/2023\/10\/Pogorzelcy-1163x1536.jpg 1163w, https:\/\/muzeumwarszawy.pl\/wp-content\/uploads\/2023\/10\/Pogorzelcy-1550x2048.jpg 1550w, https:\/\/muzeumwarszawy.pl\/wp-content\/uploads\/2023\/10\/Pogorzelcy-530x700.jpg 530w, https:\/\/muzeumwarszawy.pl\/wp-content\/uploads\/2023\/10\/Pogorzelcy-scaled.jpg 1938w\" sizes=\"(max-width: 1135px) 100vw, 1135px\" \/>\t\t\t\t\t\t\t\t\t\t\t<figcaption class=\"widget-image-caption wp-caption-text\">Fire victims, Leon Wr\u00f3blewski, 1947, Museum of Warsaw collection<\/figcaption>\n\t\t\t\t\t\t\t\t\t\t<\/figure>\n\t\t\t\t\t\t\t\t\t<\/div>\n\t\t\t\t<\/div>\n\t\t\t\t<div class=\"elementor-element elementor-element-d7d7e36 elementor-widget elementor-widget-text-editor\" data-id=\"d7d7e36\" data-element_type=\"widget\" data-e-type=\"widget\" data-widget_type=\"text-editor.default\">\n\t\t\t\t<div class=\"elementor-widget-container\">\n\t\t\t\t\t\t\t\t\t<p><audio class=\"wp-audio-shortcode\" id=\"audio-83948-18\" preload=\"none\" style=\"width: 100%;\" controls=\"controls\"><source type=\"audio\/mpeg\" src=\"https:\/\/muzeumwarszawy.pl\/wp-content\/uploads\/2023\/10\/warsawuprisingmonument_01.mp3?_=18\" \/><a href=\"https:\/\/muzeumwarszawy.pl\/wp-content\/uploads\/2023\/10\/warsawuprisingmonument_01.mp3\">https:\/\/muzeumwarszawy.pl\/wp-content\/uploads\/2023\/10\/warsawuprisingmonument_01.mp3<\/a><\/audio><\/p>\t\t\t\t\t\t\t\t<\/div>\n\t\t\t\t<\/div>\n\t\t\t\t<div class=\"elementor-element elementor-element-f4be4a0 elementor-widget elementor-widget-toggle\" data-id=\"f4be4a0\" data-element_type=\"widget\" data-e-type=\"widget\" data-widget_type=\"toggle.default\">\n\t\t\t\t<div class=\"elementor-widget-container\">\n\t\t\t\t\t\t\t<div class=\"elementor-toggle\">\n\t\t\t\t\t\t\t<div class=\"elementor-toggle-item\">\n\t\t\t\t\t<div id=\"elementor-tab-title-2561\" class=\"elementor-tab-title\" data-tab=\"1\" role=\"button\" aria-controls=\"elementor-tab-content-2561\" aria-expanded=\"false\">\n\t\t\t\t\t\t\t\t\t\t\t\t<span class=\"elementor-toggle-icon elementor-toggle-icon-left\" aria-hidden=\"true\">\n\t\t\t\t\t\t\t\t\t\t\t\t\t\t\t<span class=\"elementor-toggle-icon-closed\"><i class=\"fas fa-caret-right\"><\/i><\/span>\n\t\t\t\t\t\t\t\t<span class=\"elementor-toggle-icon-opened\"><i class=\"elementor-toggle-icon-opened fas fa-caret-up\"><\/i><\/span>\n\t\t\t\t\t\t\t\t\t\t\t\t\t<\/span>\n\t\t\t\t\t\t\t\t\t\t\t\t<a class=\"elementor-toggle-title\" tabindex=\"0\">Transcript<\/a>\n\t\t\t\t\t<\/div>\n\n\t\t\t\t\t<div id=\"elementor-tab-content-2561\" class=\"elementor-tab-content elementor-clearfix\" data-tab=\"1\" role=\"region\" aria-labelledby=\"elementor-tab-title-2561\"><p>Next to the court building, there is a monument commemorating the Warsaw Uprising, unveiled in 1989. The Warsaw Uprising was the most tragic moment in the history of this city during World War II.\u00a0 During the Uprising over 150,000 people died. Most of the destruction of Warsaw is due to the two months of the uprising and the post-uprising period. The\u00a0 fight broke out August 1, and fell on October 2, 1944.<\/p><p>Even though the fight was fierce, unfortunately the Old Town fell on September 2. Some residents evacuated through the sewers, which is represented on the monument on the left.<\/p><p>The main part of the monument depicts the beginning of the fighting, a symbolic exit from the underground. You may be surprised that insurgents are not a regular, professional army. They are mostly young people, often casually dressed. They have armbands on their shoulders. This is not visible on the monument, but the armbands were in the colours of the Polish flag, white and red. Some of them wear soldiers&#8217; helmets, some of them don\u2019t. Sometimes they carry a rifle, sometimes a bottle of gasoline, sometimes nothing\u2026<\/p><p>On the right side, on the wall, as well as on the tops of the columns behind the monument, you can see the symbol of Polish resistance, the so-called Kotwica which means \u201canchor\u201d. P stands for Poland and W stands for fighting. It was painted on the walls and in other places as a symbol of the Poles&#8217; struggle for independence.<\/p><\/div>\n\t\t\t\t<\/div>\n\t\t\t\t\t\t\t\t<\/div>\n\t\t\t\t\t\t<\/div>\n\t\t\t\t<\/div>\n\t\t\t\t<div class=\"elementor-element elementor-element-a3b8e2b elementor-widget elementor-widget-image\" data-id=\"a3b8e2b\" data-element_type=\"widget\" data-e-type=\"widget\" data-widget_type=\"image.default\">\n\t\t\t\t<div class=\"elementor-widget-container\">\n\t\t\t\t\t\t\t\t\t\t\t\t<figure class=\"wp-caption\">\n\t\t\t\t\t\t\t\t\t\t<img loading=\"lazy\" decoding=\"async\" width=\"1232\" height=\"1500\" src=\"https:\/\/muzeumwarszawy.pl\/wp-content\/uploads\/2024\/07\/13a-1232x1500.jpg\" class=\"attachment-large size-large wp-image-92544\" alt=\"\" srcset=\"https:\/\/muzeumwarszawy.pl\/wp-content\/uploads\/2024\/07\/13a-1232x1500.jpg 1232w, https:\/\/muzeumwarszawy.pl\/wp-content\/uploads\/2024\/07\/13a-246x300.jpg 246w, https:\/\/muzeumwarszawy.pl\/wp-content\/uploads\/2024\/07\/13a-768x935.jpg 768w, https:\/\/muzeumwarszawy.pl\/wp-content\/uploads\/2024\/07\/13a-1262x1536.jpg 1262w, https:\/\/muzeumwarszawy.pl\/wp-content\/uploads\/2024\/07\/13a-1682x2048.jpg 1682w, https:\/\/muzeumwarszawy.pl\/wp-content\/uploads\/2024\/07\/13a-575x700.jpg 575w\" sizes=\"(max-width: 1232px) 100vw, 1232px\" \/>\t\t\t\t\t\t\t\t\t\t\t<figcaption class=\"widget-image-caption wp-caption-text\">Sign of anchor \u2013 memento of barricade, author Anna Zdanowska<\/figcaption>\n\t\t\t\t\t\t\t\t\t\t<\/figure>\n\t\t\t\t\t\t\t\t\t<\/div>\n\t\t\t\t<\/div>\n\t\t\t\t<div class=\"elementor-element elementor-element-187cb5a elementor-widget elementor-widget-toggle\" data-id=\"187cb5a\" data-element_type=\"widget\" data-e-type=\"widget\" data-widget_type=\"toggle.default\">\n\t\t\t\t<div class=\"elementor-widget-container\">\n\t\t\t\t\t\t\t<div class=\"elementor-toggle\">\n\t\t\t\t\t\t\t<div class=\"elementor-toggle-item\">\n\t\t\t\t\t<div id=\"elementor-tab-title-2561\" class=\"elementor-tab-title\" data-tab=\"1\" role=\"button\" aria-controls=\"elementor-tab-content-2561\" aria-expanded=\"false\">\n\t\t\t\t\t\t\t\t\t\t\t\t<span class=\"elementor-toggle-icon elementor-toggle-icon-left\" aria-hidden=\"true\">\n\t\t\t\t\t\t\t\t\t\t\t\t\t\t\t<span class=\"elementor-toggle-icon-closed\"><i class=\"fas fa-caret-right\"><\/i><\/span>\n\t\t\t\t\t\t\t\t<span class=\"elementor-toggle-icon-opened\"><i class=\"elementor-toggle-icon-opened fas fa-caret-up\"><\/i><\/span>\n\t\t\t\t\t\t\t\t\t\t\t\t\t<\/span>\n\t\t\t\t\t\t\t\t\t\t\t\t<a class=\"elementor-toggle-title\" tabindex=\"0\">August-Agbola O\u2019Brown <\/a>\n\t\t\t\t\t<\/div>\n\n\t\t\t\t\t<div id=\"elementor-tab-content-2561\" class=\"elementor-tab-content elementor-clearfix\" data-tab=\"1\" role=\"region\" aria-labelledby=\"elementor-tab-title-2561\"><p>In our headquarters, the Museum of Warsaw on the Main Old Town Square, you can find an unusual portrait of the foreigner, \u201cVarsovian by choice\u201d,\u00a0 who took part in that fight.<\/p><p>See more here:\u00a0<a href=\"https:\/\/muzeumwarszawy.pl\/en\/obiekt\/portrait-of-august-agbola-obrown-code-name-ali-participant-of-the-warsaw-uprising\/\">muzeumwarszawy.pl\/portrait-of-august-agbola-obrown\/<\/a><\/p><p>August-Agbola O\u2019Brown was a jazz musician, born in Nigeria, who came to Warsaw from London in 1922. He played the drums in local jazz bands, settled down and started a family. As \u201cAli\u2019 he was a participant of\u00a0 the Warsaw Uprising and fought in the south of the city centre. He survived the war, and emigrated with his family to London at the end of the 1950s. His history is situated on the margins of the Uprising\u2019s mail narrative, anyway Warsaw Museum reclaims his story, as a part of the Warsaw\u2019s mosaic.<\/p><div id=\"attachment_84229\" style=\"width: 2570px\" class=\"wp-caption alignnone\"><a href=\"https:\/\/muzeumwarszawy.pl\/en\/?attachment_id=84229\" rel=\"attachment wp-att-84229\"><img loading=\"lazy\" decoding=\"async\" aria-describedby=\"caption-attachment-84229\" src=\"https:\/\/muzeumwarszawy.pl\/wp-content\/uploads\/2023\/10\/Portret-Augusta-Agboli-OBrowna-ps.-Ali-1895\u20131976-scaled.jpg\" alt=\"\" width=\"2560\" height=\"2560\" \/><\/a><p id=\"caption-attachment-84229\" class=\"wp-caption-text\"><em><span style=\"font-family: FF Good Pro Italic;\">Portrait of August Agbola O\u2019Brown, aka Ali (1895-1976), Karol Radziszewski, 2015, Museum of Warsaw collection\u00a0<\/span><\/em><\/p><\/div><\/div>\n\t\t\t\t<\/div>\n\t\t\t\t\t\t\t\t<\/div>\n\t\t\t\t\t\t<\/div>\n\t\t\t\t<\/div>\n\t\t\t\t<div class=\"elementor-element elementor-element-21684fb elementor-widget elementor-widget-text-editor\" data-id=\"21684fb\" data-element_type=\"widget\" data-e-type=\"widget\" data-widget_type=\"text-editor.default\">\n\t\t\t\t<div class=\"elementor-widget-container\">\n\t\t\t\t\t\t\t\t\t<p>We tried to show you what a phenomenon the reconstruction of the Old Town was. And, of course, we are extremly proud of this unimaginable effort and its miraculous results. But if it wasn&#8217;t for the war, the whole process wouldn\u2019t be necessary.<\/p><p>The reconstruction of the Old Town can serve as an example of how to deal with such reconstructions. However, we wish no-one ever has\u00a0 to go through such experience. Nowhere in the world.<\/p>\t\t\t\t\t\t\t\t<\/div>\n\t\t\t\t<\/div>\n\t\t\t\t<div class=\"elementor-element elementor-element-11ca27e elementor-widget elementor-widget-text-editor\" data-id=\"11ca27e\" data-element_type=\"widget\" data-e-type=\"widget\" data-widget_type=\"text-editor.default\">\n\t\t\t\t<div class=\"elementor-widget-container\">\n\t\t\t\t\t\t\t\t\t<p><strong>You reached the last stop in our walk. Congratulations!<\/strong><\/p><p>We tried to show you what a phenomenon the reconstruction of the Old Town was. And, of course, we are extremely proud of this unimaginable effort and its miraculous results. But if it wasn&#8217;t for the war, the whole process wouldn\u2019t be necessary. The reconstruction of the Old Town can serve as an example of how to deal with such reconstructions. However, we wish no-one ever has to go through such experience. Nowhere in the world.<\/p>\t\t\t\t\t\t\t\t<\/div>\n\t\t\t\t<\/div>\n\t\t\t\t\t<\/div>\n\t\t<\/div>\n\t\t\t\t\t<\/div>\n\t\t<\/section>\n\t\t\t\t<\/div>\n\t\t","protected":false},"excerpt":{"rendered":"<p>Old Town. Walking tour. Warsaw&#8217;s historic quarter as an architectural miracle, an impressive tribute to the city\u2019s will to survive. Theoretically The Old Town is the oldest part of the city, the place where the history of Warsaw began. In fact it is one of the youngest districts. Thanks to the efforts of all Poles, [&hellip;]<\/p>\n","protected":false},"author":5,"featured_media":80227,"comment_status":"closed","ping_status":"closed","sticky":false,"template":"","format":"standard","meta":{"_acf_changed":false,"footnotes":""},"categories":[203,100,326],"tags":[],"class_list":["post-83948","post","type-post","status-publish","format-standard","has-post-thumbnail","hentry","category-activities","category-aktualnosci-en","category-walking-tour"],"acf":[],"yoast_head":"<!-- This site is optimized with the Yoast SEO plugin v27.3 - https:\/\/yoast.com\/product\/yoast-seo-wordpress\/ -->\n<title>Old and New Town in Warsaw | Muzeum Warszawy<\/title>\n<meta name=\"description\" content=\"Walking tour. Warsaw&#039;s historic quarter as an architectural miracle, an impressive tribute to the city\u2019s will to survive.\" \/>\n<meta name=\"robots\" content=\"index, follow, max-snippet:-1, max-image-preview:large, max-video-preview:-1\" \/>\n<link rel=\"canonical\" href=\"https:\/\/muzeumwarszawy.pl\/en\/old-town-new-town-in-warsaw\/\" \/>\n<meta property=\"og:locale\" content=\"en_US\" \/>\n<meta property=\"og:type\" content=\"article\" \/>\n<meta property=\"og:title\" content=\"Old and New Town in Warsaw | Muzeum Warszawy\" \/>\n<meta property=\"og:description\" content=\"Walking tour. Warsaw&#039;s historic quarter as an architectural miracle, an impressive tribute to the city\u2019s will to survive.\" \/>\n<meta property=\"og:url\" content=\"https:\/\/muzeumwarszawy.pl\/en\/old-town-new-town-in-warsaw\/\" \/>\n<meta property=\"og:site_name\" content=\"Muzeum Warszawy\" \/>\n<meta property=\"article:publisher\" content=\"https:\/\/www.facebook.com\/muzeum.warszawy\/\" \/>\n<meta property=\"article:published_time\" content=\"2023-10-10T12:48:15+00:00\" \/>\n<meta property=\"article:modified_time\" content=\"2024-07-31T09:06:52+00:00\" \/>\n<meta property=\"og:image\" content=\"https:\/\/muzeumwarszawy.pl\/wp-content\/uploads\/2023\/07\/340A2783_1600pix_\u00a9TKaczor.jpg\" \/>\n\t<meta property=\"og:image:width\" content=\"1600\" \/>\n\t<meta property=\"og:image:height\" content=\"1120\" \/>\n\t<meta property=\"og:image:type\" content=\"image\/jpeg\" \/>\n<meta name=\"author\" content=\"mwadmin\" \/>\n<meta name=\"twitter:card\" content=\"summary_large_image\" \/>\n<meta name=\"twitter:creator\" content=\"@muzeumwarszawy\" \/>\n<meta name=\"twitter:site\" content=\"@muzeumwarszawy\" \/>\n<meta name=\"twitter:label1\" content=\"Written by\" \/>\n\t<meta name=\"twitter:data1\" content=\"mwadmin\" \/>\n\t<meta name=\"twitter:label2\" content=\"Est. reading time\" \/>\n\t<meta name=\"twitter:data2\" content=\"47 minutes\" \/>\n<script type=\"application\/ld+json\" class=\"yoast-schema-graph\">{\"@context\":\"https:\\\/\\\/schema.org\",\"@graph\":[{\"@type\":\"Article\",\"@id\":\"https:\\\/\\\/muzeumwarszawy.pl\\\/en\\\/old-town-new-town-in-warsaw\\\/#article\",\"isPartOf\":{\"@id\":\"https:\\\/\\\/muzeumwarszawy.pl\\\/en\\\/old-town-new-town-in-warsaw\\\/\"},\"author\":{\"name\":\"mwadmin\",\"@id\":\"https:\\\/\\\/muzeumwarszawy.pl\\\/#\\\/schema\\\/person\\\/98f0aa3b9891032e7b71152cb207e070\"},\"headline\":\"Old and New Town in Warsaw\",\"datePublished\":\"2023-10-10T12:48:15+00:00\",\"dateModified\":\"2024-07-31T09:06:52+00:00\",\"mainEntityOfPage\":{\"@id\":\"https:\\\/\\\/muzeumwarszawy.pl\\\/en\\\/old-town-new-town-in-warsaw\\\/\"},\"wordCount\":7472,\"publisher\":{\"@id\":\"https:\\\/\\\/muzeumwarszawy.pl\\\/#organization\"},\"image\":{\"@id\":\"https:\\\/\\\/muzeumwarszawy.pl\\\/en\\\/old-town-new-town-in-warsaw\\\/#primaryimage\"},\"thumbnailUrl\":\"https:\\\/\\\/muzeumwarszawy.pl\\\/wp-content\\\/uploads\\\/2023\\\/07\\\/340A2783_1600pix_\u00a9TKaczor.jpg\",\"articleSection\":[\"Activities\",\"News\",\"Walking tour\"],\"inLanguage\":\"en-US\"},{\"@type\":\"WebPage\",\"@id\":\"https:\\\/\\\/muzeumwarszawy.pl\\\/en\\\/old-town-new-town-in-warsaw\\\/\",\"url\":\"https:\\\/\\\/muzeumwarszawy.pl\\\/en\\\/old-town-new-town-in-warsaw\\\/\",\"name\":\"Old and New Town in Warsaw | Muzeum Warszawy\",\"isPartOf\":{\"@id\":\"https:\\\/\\\/muzeumwarszawy.pl\\\/#website\"},\"primaryImageOfPage\":{\"@id\":\"https:\\\/\\\/muzeumwarszawy.pl\\\/en\\\/old-town-new-town-in-warsaw\\\/#primaryimage\"},\"image\":{\"@id\":\"https:\\\/\\\/muzeumwarszawy.pl\\\/en\\\/old-town-new-town-in-warsaw\\\/#primaryimage\"},\"thumbnailUrl\":\"https:\\\/\\\/muzeumwarszawy.pl\\\/wp-content\\\/uploads\\\/2023\\\/07\\\/340A2783_1600pix_\u00a9TKaczor.jpg\",\"datePublished\":\"2023-10-10T12:48:15+00:00\",\"dateModified\":\"2024-07-31T09:06:52+00:00\",\"description\":\"Walking tour. Warsaw's historic quarter as an architectural miracle, an impressive tribute to the city\u2019s will to survive.\",\"breadcrumb\":{\"@id\":\"https:\\\/\\\/muzeumwarszawy.pl\\\/en\\\/old-town-new-town-in-warsaw\\\/#breadcrumb\"},\"inLanguage\":\"en-US\",\"potentialAction\":[{\"@type\":\"ReadAction\",\"target\":[\"https:\\\/\\\/muzeumwarszawy.pl\\\/en\\\/old-town-new-town-in-warsaw\\\/\"]}]},{\"@type\":\"ImageObject\",\"inLanguage\":\"en-US\",\"@id\":\"https:\\\/\\\/muzeumwarszawy.pl\\\/en\\\/old-town-new-town-in-warsaw\\\/#primaryimage\",\"url\":\"https:\\\/\\\/muzeumwarszawy.pl\\\/wp-content\\\/uploads\\\/2023\\\/07\\\/340A2783_1600pix_\u00a9TKaczor.jpg\",\"contentUrl\":\"https:\\\/\\\/muzeumwarszawy.pl\\\/wp-content\\\/uploads\\\/2023\\\/07\\\/340A2783_1600pix_\u00a9TKaczor.jpg\",\"width\":1600,\"height\":1120},{\"@type\":\"BreadcrumbList\",\"@id\":\"https:\\\/\\\/muzeumwarszawy.pl\\\/en\\\/old-town-new-town-in-warsaw\\\/#breadcrumb\",\"itemListElement\":[{\"@type\":\"ListItem\",\"position\":1,\"name\":\"Home\",\"item\":\"https:\\\/\\\/muzeumwarszawy.pl\\\/en\\\/\"},{\"@type\":\"ListItem\",\"position\":2,\"name\":\"Old and New Town in Warsaw\"}]},{\"@type\":\"WebSite\",\"@id\":\"https:\\\/\\\/muzeumwarszawy.pl\\\/#website\",\"url\":\"https:\\\/\\\/muzeumwarszawy.pl\\\/\",\"name\":\"Muzeum Warszawy\",\"description\":\"Od 80 lat misj\u0105 Muzeum Warszawy jest gromadzenie, przechowywanie, opracowywanie i udost\u0119pnianie zbior\u00f3w zwi\u0105zanych z Warszaw\u0105. Prowadz\u0105c dzia\u0142alno\u015b\u0107 wystawiennicz\u0105, badawcz\u0105, wydawnicz\u0105, edukacyjn\u0105 oraz kulturaln\u0105, muzeum towarzyszy odbiorcom w poznawaniu fenomenu Warszawy.\",\"publisher\":{\"@id\":\"https:\\\/\\\/muzeumwarszawy.pl\\\/#organization\"},\"potentialAction\":[{\"@type\":\"SearchAction\",\"target\":{\"@type\":\"EntryPoint\",\"urlTemplate\":\"https:\\\/\\\/muzeumwarszawy.pl\\\/?s={search_term_string}\"},\"query-input\":{\"@type\":\"PropertyValueSpecification\",\"valueRequired\":true,\"valueName\":\"search_term_string\"}}],\"inLanguage\":\"en-US\"},{\"@type\":\"Organization\",\"@id\":\"https:\\\/\\\/muzeumwarszawy.pl\\\/#organization\",\"name\":\"Muzeum Warszawy\",\"url\":\"https:\\\/\\\/muzeumwarszawy.pl\\\/\",\"logo\":{\"@type\":\"ImageObject\",\"inLanguage\":\"en-US\",\"@id\":\"https:\\\/\\\/muzeumwarszawy.pl\\\/#\\\/schema\\\/logo\\\/image\\\/\",\"url\":\"https:\\\/\\\/muzeumwarszawy.pl\\\/wp-content\\\/uploads\\\/2019\\\/09\\\/mw_logo.png\",\"contentUrl\":\"https:\\\/\\\/muzeumwarszawy.pl\\\/wp-content\\\/uploads\\\/2019\\\/09\\\/mw_logo.png\",\"width\":900,\"height\":900,\"caption\":\"Muzeum Warszawy\"},\"image\":{\"@id\":\"https:\\\/\\\/muzeumwarszawy.pl\\\/#\\\/schema\\\/logo\\\/image\\\/\"},\"sameAs\":[\"https:\\\/\\\/www.facebook.com\\\/muzeum.warszawy\\\/\",\"https:\\\/\\\/x.com\\\/muzeumwarszawy\",\"https:\\\/\\\/www.instagram.com\\\/muzeumwarszawy\\\/\",\"https:\\\/\\\/www.youtube.com\\\/channel\\\/UCcpFm6UFnUofszAU6bSGEng\\\/featured\",\"https:\\\/\\\/pl.wikipedia.org\\\/wiki\\\/Muzeum_Warszawy\"]},{\"@type\":\"Person\",\"@id\":\"https:\\\/\\\/muzeumwarszawy.pl\\\/#\\\/schema\\\/person\\\/98f0aa3b9891032e7b71152cb207e070\",\"name\":\"mwadmin\",\"url\":\"https:\\\/\\\/muzeumwarszawy.pl\\\/en\\\/author\\\/mwadmin\\\/\"}]}<\/script>\n<!-- \/ Yoast SEO plugin. -->","yoast_head_json":{"title":"Old and New Town in Warsaw | Muzeum Warszawy","description":"Walking tour. Warsaw's historic quarter as an architectural miracle, an impressive tribute to the city\u2019s will to survive.","robots":{"index":"index","follow":"follow","max-snippet":"max-snippet:-1","max-image-preview":"max-image-preview:large","max-video-preview":"max-video-preview:-1"},"canonical":"https:\/\/muzeumwarszawy.pl\/en\/old-town-new-town-in-warsaw\/","og_locale":"en_US","og_type":"article","og_title":"Old and New Town in Warsaw | Muzeum Warszawy","og_description":"Walking tour. Warsaw's historic quarter as an architectural miracle, an impressive tribute to the city\u2019s will to survive.","og_url":"https:\/\/muzeumwarszawy.pl\/en\/old-town-new-town-in-warsaw\/","og_site_name":"Muzeum Warszawy","article_publisher":"https:\/\/www.facebook.com\/muzeum.warszawy\/","article_published_time":"2023-10-10T12:48:15+00:00","article_modified_time":"2024-07-31T09:06:52+00:00","og_image":[{"width":1600,"height":1120,"url":"https:\/\/muzeumwarszawy.pl\/wp-content\/uploads\/2023\/07\/340A2783_1600pix_\u00a9TKaczor.jpg","type":"image\/jpeg"}],"author":"mwadmin","twitter_card":"summary_large_image","twitter_creator":"@muzeumwarszawy","twitter_site":"@muzeumwarszawy","twitter_misc":{"Written by":"mwadmin","Est. reading time":"47 minutes"},"schema":{"@context":"https:\/\/schema.org","@graph":[{"@type":"Article","@id":"https:\/\/muzeumwarszawy.pl\/en\/old-town-new-town-in-warsaw\/#article","isPartOf":{"@id":"https:\/\/muzeumwarszawy.pl\/en\/old-town-new-town-in-warsaw\/"},"author":{"name":"mwadmin","@id":"https:\/\/muzeumwarszawy.pl\/#\/schema\/person\/98f0aa3b9891032e7b71152cb207e070"},"headline":"Old and New Town in Warsaw","datePublished":"2023-10-10T12:48:15+00:00","dateModified":"2024-07-31T09:06:52+00:00","mainEntityOfPage":{"@id":"https:\/\/muzeumwarszawy.pl\/en\/old-town-new-town-in-warsaw\/"},"wordCount":7472,"publisher":{"@id":"https:\/\/muzeumwarszawy.pl\/#organization"},"image":{"@id":"https:\/\/muzeumwarszawy.pl\/en\/old-town-new-town-in-warsaw\/#primaryimage"},"thumbnailUrl":"https:\/\/muzeumwarszawy.pl\/wp-content\/uploads\/2023\/07\/340A2783_1600pix_\u00a9TKaczor.jpg","articleSection":["Activities","News","Walking tour"],"inLanguage":"en-US"},{"@type":"WebPage","@id":"https:\/\/muzeumwarszawy.pl\/en\/old-town-new-town-in-warsaw\/","url":"https:\/\/muzeumwarszawy.pl\/en\/old-town-new-town-in-warsaw\/","name":"Old and New Town in Warsaw | Muzeum Warszawy","isPartOf":{"@id":"https:\/\/muzeumwarszawy.pl\/#website"},"primaryImageOfPage":{"@id":"https:\/\/muzeumwarszawy.pl\/en\/old-town-new-town-in-warsaw\/#primaryimage"},"image":{"@id":"https:\/\/muzeumwarszawy.pl\/en\/old-town-new-town-in-warsaw\/#primaryimage"},"thumbnailUrl":"https:\/\/muzeumwarszawy.pl\/wp-content\/uploads\/2023\/07\/340A2783_1600pix_\u00a9TKaczor.jpg","datePublished":"2023-10-10T12:48:15+00:00","dateModified":"2024-07-31T09:06:52+00:00","description":"Walking tour. Warsaw's historic quarter as an architectural miracle, an impressive tribute to the city\u2019s will to survive.","breadcrumb":{"@id":"https:\/\/muzeumwarszawy.pl\/en\/old-town-new-town-in-warsaw\/#breadcrumb"},"inLanguage":"en-US","potentialAction":[{"@type":"ReadAction","target":["https:\/\/muzeumwarszawy.pl\/en\/old-town-new-town-in-warsaw\/"]}]},{"@type":"ImageObject","inLanguage":"en-US","@id":"https:\/\/muzeumwarszawy.pl\/en\/old-town-new-town-in-warsaw\/#primaryimage","url":"https:\/\/muzeumwarszawy.pl\/wp-content\/uploads\/2023\/07\/340A2783_1600pix_\u00a9TKaczor.jpg","contentUrl":"https:\/\/muzeumwarszawy.pl\/wp-content\/uploads\/2023\/07\/340A2783_1600pix_\u00a9TKaczor.jpg","width":1600,"height":1120},{"@type":"BreadcrumbList","@id":"https:\/\/muzeumwarszawy.pl\/en\/old-town-new-town-in-warsaw\/#breadcrumb","itemListElement":[{"@type":"ListItem","position":1,"name":"Home","item":"https:\/\/muzeumwarszawy.pl\/en\/"},{"@type":"ListItem","position":2,"name":"Old and New Town in Warsaw"}]},{"@type":"WebSite","@id":"https:\/\/muzeumwarszawy.pl\/#website","url":"https:\/\/muzeumwarszawy.pl\/","name":"Muzeum Warszawy","description":"Od 80 lat misj\u0105 Muzeum Warszawy jest gromadzenie, przechowywanie, opracowywanie i udost\u0119pnianie zbior\u00f3w zwi\u0105zanych z Warszaw\u0105. Prowadz\u0105c dzia\u0142alno\u015b\u0107 wystawiennicz\u0105, badawcz\u0105, wydawnicz\u0105, edukacyjn\u0105 oraz kulturaln\u0105, muzeum towarzyszy odbiorcom w poznawaniu fenomenu Warszawy.","publisher":{"@id":"https:\/\/muzeumwarszawy.pl\/#organization"},"potentialAction":[{"@type":"SearchAction","target":{"@type":"EntryPoint","urlTemplate":"https:\/\/muzeumwarszawy.pl\/?s={search_term_string}"},"query-input":{"@type":"PropertyValueSpecification","valueRequired":true,"valueName":"search_term_string"}}],"inLanguage":"en-US"},{"@type":"Organization","@id":"https:\/\/muzeumwarszawy.pl\/#organization","name":"Muzeum Warszawy","url":"https:\/\/muzeumwarszawy.pl\/","logo":{"@type":"ImageObject","inLanguage":"en-US","@id":"https:\/\/muzeumwarszawy.pl\/#\/schema\/logo\/image\/","url":"https:\/\/muzeumwarszawy.pl\/wp-content\/uploads\/2019\/09\/mw_logo.png","contentUrl":"https:\/\/muzeumwarszawy.pl\/wp-content\/uploads\/2019\/09\/mw_logo.png","width":900,"height":900,"caption":"Muzeum Warszawy"},"image":{"@id":"https:\/\/muzeumwarszawy.pl\/#\/schema\/logo\/image\/"},"sameAs":["https:\/\/www.facebook.com\/muzeum.warszawy\/","https:\/\/x.com\/muzeumwarszawy","https:\/\/www.instagram.com\/muzeumwarszawy\/","https:\/\/www.youtube.com\/channel\/UCcpFm6UFnUofszAU6bSGEng\/featured","https:\/\/pl.wikipedia.org\/wiki\/Muzeum_Warszawy"]},{"@type":"Person","@id":"https:\/\/muzeumwarszawy.pl\/#\/schema\/person\/98f0aa3b9891032e7b71152cb207e070","name":"mwadmin","url":"https:\/\/muzeumwarszawy.pl\/en\/author\/mwadmin\/"}]}},"_links":{"self":[{"href":"https:\/\/muzeumwarszawy.pl\/en\/wp-json\/wp\/v2\/posts\/83948","targetHints":{"allow":["GET"]}}],"collection":[{"href":"https:\/\/muzeumwarszawy.pl\/en\/wp-json\/wp\/v2\/posts"}],"about":[{"href":"https:\/\/muzeumwarszawy.pl\/en\/wp-json\/wp\/v2\/types\/post"}],"author":[{"embeddable":true,"href":"https:\/\/muzeumwarszawy.pl\/en\/wp-json\/wp\/v2\/users\/5"}],"replies":[{"embeddable":true,"href":"https:\/\/muzeumwarszawy.pl\/en\/wp-json\/wp\/v2\/comments?post=83948"}],"version-history":[{"count":343,"href":"https:\/\/muzeumwarszawy.pl\/en\/wp-json\/wp\/v2\/posts\/83948\/revisions"}],"predecessor-version":[{"id":92907,"href":"https:\/\/muzeumwarszawy.pl\/en\/wp-json\/wp\/v2\/posts\/83948\/revisions\/92907"}],"wp:featuredmedia":[{"embeddable":true,"href":"https:\/\/muzeumwarszawy.pl\/en\/wp-json\/wp\/v2\/media\/80227"}],"wp:attachment":[{"href":"https:\/\/muzeumwarszawy.pl\/en\/wp-json\/wp\/v2\/media?parent=83948"}],"wp:term":[{"taxonomy":"category","embeddable":true,"href":"https:\/\/muzeumwarszawy.pl\/en\/wp-json\/wp\/v2\/categories?post=83948"},{"taxonomy":"post_tag","embeddable":true,"href":"https:\/\/muzeumwarszawy.pl\/en\/wp-json\/wp\/v2\/tags?post=83948"}],"curies":[{"name":"wp","href":"https:\/\/api.w.org\/{rel}","templated":true}]}}