{"id":89264,"date":"2024-03-14T09:56:05","date_gmt":"2024-03-14T08:56:05","guid":{"rendered":"https:\/\/muzeumwarszawy.pl\/?p=89264"},"modified":"2024-03-14T09:56:07","modified_gmt":"2024-03-14T08:56:07","slug":"a-campaign-of-communal-description-of-photographs","status":"publish","type":"post","link":"https:\/\/muzeumwarszawy.pl\/en\/a-campaign-of-communal-description-of-photographs\/","title":{"rendered":"A campaign of Communal Description of Photographs"},"content":{"rendered":"\n<p>It is the first initiative in Poland in which the public is invited to provide aid in identifying archival photos from the Museum collection. The Museum of Warsaw will present over 5,000 photos that to date have not yet been shown to the public. People will be able to describe them online on a platform specially dedicated for that purpose. The campaign will last until April 2024. Anyone who wishes to share their knowledge is most welcome to participate.\u00a0\u00a0\u00a0\u00a0\u00a0\u00a0\u00a0\u00a0\u00a0\u00a0\u00a0\u00a0\u00a0\u00a0\u00a0\u00a0\u00a0<\/p>\n\n\n\n<h2 class=\"wp-block-heading\">Do you know where this photo was taken?<\/h2>\n\n\n\n<p>Photography constitutes the largest part of the Museum of Warsaw&#8217;s collection. More and more negatives and prints are continually being digitized and described. Identifying individuals and places in the photographs requires knowledge and personal memory that artificial intelligence cannot replace. Therefore, the Museum invites its audience to participate in this initiative. <\/p>\n\n\n\n<p>On 27 November, a platform will be launched where participants will be able to view and describe selected photos. The campaign has been conceived as a game \u2013 participants will earn points for each described photo, which they can then exchange for rewards.<\/p>\n\n\n\n<h2 class=\"wp-block-heading\">Photos by the legends of Polish photography<\/h2>\n\n\n\n<p>Photos documenting the scale of postwar destruction of Warsaw and the city reconstruction after WWII taken by Leonard Jarz\u0119bski, Alfred Funkiewicz and Edward Hartwig\u2014one of the most widely recognized Polish photographers\u2014were selected for the campaign of Communal Description of Photographs. Hartwig\u2019s slides from the period of political transformation in the 1990s also await identification. The photos by Alina Schtolz, landscape architect, taken during her study visit to China, are bound to pose a serious challenge for the public.\u00a0\u00a0\u00a0\u00a0\u00a0\u00a0\u00a0\u00a0\u00a0\u00a0\u00a0\u00a0\u00a0\u00a0\u00a0\u00a0\u00a0\u00a0\u00a0\u00a0\u00a0\u00a0\u00a0\u00a0\u00a0\u00a0\u00a0\u00a0\u00a0\u00a0\u00a0\u00a0\u00a0\u00a0\u00a0\u00a0\u00a0\u00a0\u00a0\u00a0\u00a0\u00a0\u00a0\u00a0\u00a0\u00a0\u00a0\u00a0\u00a0\u00a0\u00a0\u00a0\u00a0\u00a0\u00a0\u00a0\u00a0\u00a0\u00a0\u00a0\u00a0\u00a0\u00a0\u00a0\u00a0\u00a0\u00a0\u00a0\u00a0\u00a0\u00a0\u00a0\u00a0\u00a0\u00a0\u00a0\u00a0\u00a0\u00a0\u00a0\u00a0\u00a0\u00a0\u00a0\u00a0\u00a0\u00a0\u00a0\u00a0\u00a0\u00a0\u00a0\u00a0\u00a0\u00a0\u00a0<\/p>\n\n\n\n<h2 class=\"wp-block-heading\">Describing the heritage together &nbsp;<\/h2>\n\n\n\n<p>The campaign will take place on the Dutch platform Vele Handen, which translates to &#8220;many hands.&#8221; This is a unique crowdsourcing tool, facilitating the communal and grassroots sharing of knowledge. Originally used in the Netherlands, the platform will now be employed for the identification of works from the Museum of Warsaw\u2019s collection within the campaign of Communal Description of Photographs.<\/p>\n\n\n\n<h2 class=\"wp-block-heading\">Centre for Photography<\/h2>\n\n\n\n<p>Communal Description of Photographs is part of the program of the Centre for Photography, a new initiative of the Museum of Warsaw, whose main goal is to promote people\u2019s interest in photography. As part of the Focus on Photography project, the Centre for Photography benefits from the financial support provided by Iceland, Liechtenstein and Norway within the framework of the EEA Grants and Norway Grants, as well as by the Ministry of Culture and National Heritage.<\/p>\n\n\n\n<h2 class=\"wp-block-heading\">How to participate in the campaign?<\/h2>\n\n\n\n<p>Register on the website: <a href=\"https:\/\/velehanden.nl\/\">velehanden.nl<\/a>.<\/p>\n\n\n\n<p>Find the project \u201eCommunal Description of Photographs\u201d.<\/p>\n\n\n\n<p>Click \u2018describe a photograph\u2019.<\/p>\n\n\n\n<p>You will see a randomly selected photo from the collection.<\/p>\n\n\n\n<p>Start to describe it.<\/p>\n\n\n\n<hr class=\"wp-block-separator has-alpha-channel-opacity\"\/>\n\n\n\n<p><strong>Key visual:<\/strong> Joanna B\u0119benek, in the background: fragment of a photo by Alfred Funkiewicz, <em>On the Rink<\/em>, February 1952, AN 1502\/F, from the Museum of Warsaw collection<\/p>\n\n\n\n<figure class=\"wp-block-image size-full\"><img fetchpriority=\"high\" decoding=\"async\" width=\"1333\" height=\"400\" src=\"https:\/\/muzeumwarszawy.pl\/wp-content\/uploads\/2023\/04\/CF-belka-logotypow-1.png\" alt=\"\" class=\"wp-image-76118\" srcset=\"https:\/\/muzeumwarszawy.pl\/wp-content\/uploads\/2023\/04\/CF-belka-logotypow-1.png 1333w, https:\/\/muzeumwarszawy.pl\/wp-content\/uploads\/2023\/04\/CF-belka-logotypow-1-300x90.png 300w, https:\/\/muzeumwarszawy.pl\/wp-content\/uploads\/2023\/04\/CF-belka-logotypow-1-768x230.png 768w, https:\/\/muzeumwarszawy.pl\/wp-content\/uploads\/2023\/04\/CF-belka-logotypow-1-650x195.png 650w\" sizes=\"(max-width: 1333px) 100vw, 1333px\" \/><\/figure>\n","protected":false},"excerpt":{"rendered":"<p>It is the first initiative in Poland in which the public is invited to provide aid in identifying archival photos from the Museum collection. The Museum of Warsaw will present over 5,000 photos that to date have not yet been shown to the public. People will be able to describe them online on a platform [&hellip;]<\/p>\n","protected":false},"author":5,"featured_media":84636,"comment_status":"closed","ping_status":"closed","sticky":false,"template":"","format":"standard","meta":{"_acf_changed":false,"footnotes":""},"categories":[203,100],"tags":[],"class_list":["post-89264","post","type-post","status-publish","format-standard","has-post-thumbnail","hentry","category-activities","category-aktualnosci-en"],"acf":[],"yoast_head":"<!-- This site is optimized with the Yoast SEO plugin v27.3 - https:\/\/yoast.com\/product\/yoast-seo-wordpress\/ -->\n<title>A campaign of Communal Description of Photographs | Muzeum Warszawy<\/title>\n<meta name=\"description\" content=\"It is the first initiative in Poland in which the public is invited to provide aid in identifying archival photos from the Museum collection.\" \/>\n<meta name=\"robots\" content=\"index, follow, max-snippet:-1, max-image-preview:large, max-video-preview:-1\" \/>\n<link rel=\"canonical\" href=\"https:\/\/muzeumwarszawy.pl\/en\/a-campaign-of-communal-description-of-photographs\/\" \/>\n<meta property=\"og:locale\" content=\"en_US\" \/>\n<meta property=\"og:type\" content=\"article\" \/>\n<meta property=\"og:title\" content=\"A campaign of Communal Description of Photographs | Muzeum Warszawy\" \/>\n<meta property=\"og:description\" content=\"It is the first initiative in Poland in which the public is invited to provide aid in identifying archival photos from the Museum collection.\" \/>\n<meta property=\"og:url\" content=\"https:\/\/muzeumwarszawy.pl\/en\/a-campaign-of-communal-description-of-photographs\/\" \/>\n<meta property=\"og:site_name\" content=\"Muzeum Warszawy\" \/>\n<meta property=\"article:publisher\" content=\"https:\/\/www.facebook.com\/muzeum.warszawy\/\" \/>\n<meta property=\"article:published_time\" content=\"2024-03-14T08:56:05+00:00\" \/>\n<meta property=\"article:modified_time\" content=\"2024-03-14T08:56:07+00:00\" \/>\n<meta property=\"og:image\" content=\"https:\/\/muzeumwarszawy.pl\/wp-content\/uploads\/2023\/10\/SPOLECZNE-OPISYWANIE-FOTOGRAFII_AKTUALNOSCI.jpg\" \/>\n\t<meta property=\"og:image:width\" content=\"1300\" \/>\n\t<meta property=\"og:image:height\" content=\"870\" \/>\n\t<meta property=\"og:image:type\" content=\"image\/jpeg\" \/>\n<meta name=\"author\" content=\"mwadmin\" \/>\n<meta name=\"twitter:card\" content=\"summary_large_image\" \/>\n<meta name=\"twitter:creator\" content=\"@muzeumwarszawy\" \/>\n<meta name=\"twitter:site\" content=\"@muzeumwarszawy\" \/>\n<meta name=\"twitter:label1\" content=\"Written by\" \/>\n\t<meta name=\"twitter:data1\" content=\"mwadmin\" \/>\n\t<meta name=\"twitter:label2\" content=\"Est. reading time\" \/>\n\t<meta name=\"twitter:data2\" content=\"4 minutes\" \/>\n<script type=\"application\/ld+json\" class=\"yoast-schema-graph\">{\"@context\":\"https:\\\/\\\/schema.org\",\"@graph\":[{\"@type\":\"Article\",\"@id\":\"https:\\\/\\\/muzeumwarszawy.pl\\\/en\\\/a-campaign-of-communal-description-of-photographs\\\/#article\",\"isPartOf\":{\"@id\":\"https:\\\/\\\/muzeumwarszawy.pl\\\/en\\\/a-campaign-of-communal-description-of-photographs\\\/\"},\"author\":{\"name\":\"mwadmin\",\"@id\":\"https:\\\/\\\/muzeumwarszawy.pl\\\/#\\\/schema\\\/person\\\/dab10ff664ee014cab96a3e0dfc32801\"},\"headline\":\"A campaign of Communal Description of Photographs\",\"datePublished\":\"2024-03-14T08:56:05+00:00\",\"dateModified\":\"2024-03-14T08:56:07+00:00\",\"mainEntityOfPage\":{\"@id\":\"https:\\\/\\\/muzeumwarszawy.pl\\\/en\\\/a-campaign-of-communal-description-of-photographs\\\/\"},\"wordCount\":484,\"publisher\":{\"@id\":\"https:\\\/\\\/muzeumwarszawy.pl\\\/#organization\"},\"image\":{\"@id\":\"https:\\\/\\\/muzeumwarszawy.pl\\\/en\\\/a-campaign-of-communal-description-of-photographs\\\/#primaryimage\"},\"thumbnailUrl\":\"https:\\\/\\\/muzeumwarszawy.pl\\\/wp-content\\\/uploads\\\/2023\\\/10\\\/SPOLECZNE-OPISYWANIE-FOTOGRAFII_AKTUALNOSCI.jpg\",\"articleSection\":[\"Activities\",\"News\"],\"inLanguage\":\"en-US\"},{\"@type\":\"WebPage\",\"@id\":\"https:\\\/\\\/muzeumwarszawy.pl\\\/en\\\/a-campaign-of-communal-description-of-photographs\\\/\",\"url\":\"https:\\\/\\\/muzeumwarszawy.pl\\\/en\\\/a-campaign-of-communal-description-of-photographs\\\/\",\"name\":\"A campaign of Communal Description of Photographs | Muzeum Warszawy\",\"isPartOf\":{\"@id\":\"https:\\\/\\\/muzeumwarszawy.pl\\\/#website\"},\"primaryImageOfPage\":{\"@id\":\"https:\\\/\\\/muzeumwarszawy.pl\\\/en\\\/a-campaign-of-communal-description-of-photographs\\\/#primaryimage\"},\"image\":{\"@id\":\"https:\\\/\\\/muzeumwarszawy.pl\\\/en\\\/a-campaign-of-communal-description-of-photographs\\\/#primaryimage\"},\"thumbnailUrl\":\"https:\\\/\\\/muzeumwarszawy.pl\\\/wp-content\\\/uploads\\\/2023\\\/10\\\/SPOLECZNE-OPISYWANIE-FOTOGRAFII_AKTUALNOSCI.jpg\",\"datePublished\":\"2024-03-14T08:56:05+00:00\",\"dateModified\":\"2024-03-14T08:56:07+00:00\",\"description\":\"It is the first initiative in Poland in which the public is invited to provide aid in identifying archival photos from the Museum collection.\",\"breadcrumb\":{\"@id\":\"https:\\\/\\\/muzeumwarszawy.pl\\\/en\\\/a-campaign-of-communal-description-of-photographs\\\/#breadcrumb\"},\"inLanguage\":\"en-US\",\"potentialAction\":[{\"@type\":\"ReadAction\",\"target\":[\"https:\\\/\\\/muzeumwarszawy.pl\\\/en\\\/a-campaign-of-communal-description-of-photographs\\\/\"]}]},{\"@type\":\"ImageObject\",\"inLanguage\":\"en-US\",\"@id\":\"https:\\\/\\\/muzeumwarszawy.pl\\\/en\\\/a-campaign-of-communal-description-of-photographs\\\/#primaryimage\",\"url\":\"https:\\\/\\\/muzeumwarszawy.pl\\\/wp-content\\\/uploads\\\/2023\\\/10\\\/SPOLECZNE-OPISYWANIE-FOTOGRAFII_AKTUALNOSCI.jpg\",\"contentUrl\":\"https:\\\/\\\/muzeumwarszawy.pl\\\/wp-content\\\/uploads\\\/2023\\\/10\\\/SPOLECZNE-OPISYWANIE-FOTOGRAFII_AKTUALNOSCI.jpg\",\"width\":1300,\"height\":870,\"caption\":\"Identyfikacja wizualna: Joanna B\u0119benek, w tle fragment fotografii Alfreda Funkiewicza, Na \u015blizgawce, luty 1952 r., AN 1502\\\/F, z kolekcji Muzeum Warszawy.\"},{\"@type\":\"BreadcrumbList\",\"@id\":\"https:\\\/\\\/muzeumwarszawy.pl\\\/en\\\/a-campaign-of-communal-description-of-photographs\\\/#breadcrumb\",\"itemListElement\":[{\"@type\":\"ListItem\",\"position\":1,\"name\":\"Home\",\"item\":\"https:\\\/\\\/muzeumwarszawy.pl\\\/en\\\/\"},{\"@type\":\"ListItem\",\"position\":2,\"name\":\"A campaign of Communal Description of Photographs\"}]},{\"@type\":\"WebSite\",\"@id\":\"https:\\\/\\\/muzeumwarszawy.pl\\\/#website\",\"url\":\"https:\\\/\\\/muzeumwarszawy.pl\\\/\",\"name\":\"Muzeum Warszawy\",\"description\":\"Od 80 lat misj\u0105 Muzeum Warszawy jest gromadzenie, przechowywanie, opracowywanie i udost\u0119pnianie zbior\u00f3w zwi\u0105zanych z Warszaw\u0105. Prowadz\u0105c dzia\u0142alno\u015b\u0107 wystawiennicz\u0105, badawcz\u0105, wydawnicz\u0105, edukacyjn\u0105 oraz kulturaln\u0105, muzeum towarzyszy odbiorcom w poznawaniu fenomenu Warszawy.\",\"publisher\":{\"@id\":\"https:\\\/\\\/muzeumwarszawy.pl\\\/#organization\"},\"potentialAction\":[{\"@type\":\"SearchAction\",\"target\":{\"@type\":\"EntryPoint\",\"urlTemplate\":\"https:\\\/\\\/muzeumwarszawy.pl\\\/?s={search_term_string}\"},\"query-input\":{\"@type\":\"PropertyValueSpecification\",\"valueRequired\":true,\"valueName\":\"search_term_string\"}}],\"inLanguage\":\"en-US\"},{\"@type\":\"Organization\",\"@id\":\"https:\\\/\\\/muzeumwarszawy.pl\\\/#organization\",\"name\":\"Muzeum Warszawy\",\"url\":\"https:\\\/\\\/muzeumwarszawy.pl\\\/\",\"logo\":{\"@type\":\"ImageObject\",\"inLanguage\":\"en-US\",\"@id\":\"https:\\\/\\\/muzeumwarszawy.pl\\\/#\\\/schema\\\/logo\\\/image\\\/\",\"url\":\"https:\\\/\\\/muzeumwarszawy.pl\\\/wp-content\\\/uploads\\\/2019\\\/09\\\/mw_logo.png\",\"contentUrl\":\"https:\\\/\\\/muzeumwarszawy.pl\\\/wp-content\\\/uploads\\\/2019\\\/09\\\/mw_logo.png\",\"width\":900,\"height\":900,\"caption\":\"Muzeum Warszawy\"},\"image\":{\"@id\":\"https:\\\/\\\/muzeumwarszawy.pl\\\/#\\\/schema\\\/logo\\\/image\\\/\"},\"sameAs\":[\"https:\\\/\\\/www.facebook.com\\\/muzeum.warszawy\\\/\",\"https:\\\/\\\/x.com\\\/muzeumwarszawy\",\"https:\\\/\\\/www.instagram.com\\\/muzeumwarszawy\\\/\",\"https:\\\/\\\/www.youtube.com\\\/channel\\\/UCcpFm6UFnUofszAU6bSGEng\\\/featured\",\"https:\\\/\\\/pl.wikipedia.org\\\/wiki\\\/Muzeum_Warszawy\"]},{\"@type\":\"Person\",\"@id\":\"https:\\\/\\\/muzeumwarszawy.pl\\\/#\\\/schema\\\/person\\\/dab10ff664ee014cab96a3e0dfc32801\",\"name\":\"mwadmin\",\"url\":\"https:\\\/\\\/muzeumwarszawy.pl\\\/en\\\/author\\\/mwadmin\\\/\"}]}<\/script>\n<!-- \/ Yoast SEO plugin. -->","yoast_head_json":{"title":"A campaign of Communal Description of Photographs | Muzeum Warszawy","description":"It is the first initiative in Poland in which the public is invited to provide aid in identifying archival photos from the Museum collection.","robots":{"index":"index","follow":"follow","max-snippet":"max-snippet:-1","max-image-preview":"max-image-preview:large","max-video-preview":"max-video-preview:-1"},"canonical":"https:\/\/muzeumwarszawy.pl\/en\/a-campaign-of-communal-description-of-photographs\/","og_locale":"en_US","og_type":"article","og_title":"A campaign of Communal Description of Photographs | Muzeum Warszawy","og_description":"It is the first initiative in Poland in which the public is invited to provide aid in identifying archival photos from the Museum collection.","og_url":"https:\/\/muzeumwarszawy.pl\/en\/a-campaign-of-communal-description-of-photographs\/","og_site_name":"Muzeum Warszawy","article_publisher":"https:\/\/www.facebook.com\/muzeum.warszawy\/","article_published_time":"2024-03-14T08:56:05+00:00","article_modified_time":"2024-03-14T08:56:07+00:00","og_image":[{"width":1300,"height":870,"url":"https:\/\/muzeumwarszawy.pl\/wp-content\/uploads\/2023\/10\/SPOLECZNE-OPISYWANIE-FOTOGRAFII_AKTUALNOSCI.jpg","type":"image\/jpeg"}],"author":"mwadmin","twitter_card":"summary_large_image","twitter_creator":"@muzeumwarszawy","twitter_site":"@muzeumwarszawy","twitter_misc":{"Written by":"mwadmin","Est. reading time":"4 minutes"},"schema":{"@context":"https:\/\/schema.org","@graph":[{"@type":"Article","@id":"https:\/\/muzeumwarszawy.pl\/en\/a-campaign-of-communal-description-of-photographs\/#article","isPartOf":{"@id":"https:\/\/muzeumwarszawy.pl\/en\/a-campaign-of-communal-description-of-photographs\/"},"author":{"name":"mwadmin","@id":"https:\/\/muzeumwarszawy.pl\/#\/schema\/person\/dab10ff664ee014cab96a3e0dfc32801"},"headline":"A campaign of Communal Description of Photographs","datePublished":"2024-03-14T08:56:05+00:00","dateModified":"2024-03-14T08:56:07+00:00","mainEntityOfPage":{"@id":"https:\/\/muzeumwarszawy.pl\/en\/a-campaign-of-communal-description-of-photographs\/"},"wordCount":484,"publisher":{"@id":"https:\/\/muzeumwarszawy.pl\/#organization"},"image":{"@id":"https:\/\/muzeumwarszawy.pl\/en\/a-campaign-of-communal-description-of-photographs\/#primaryimage"},"thumbnailUrl":"https:\/\/muzeumwarszawy.pl\/wp-content\/uploads\/2023\/10\/SPOLECZNE-OPISYWANIE-FOTOGRAFII_AKTUALNOSCI.jpg","articleSection":["Activities","News"],"inLanguage":"en-US"},{"@type":"WebPage","@id":"https:\/\/muzeumwarszawy.pl\/en\/a-campaign-of-communal-description-of-photographs\/","url":"https:\/\/muzeumwarszawy.pl\/en\/a-campaign-of-communal-description-of-photographs\/","name":"A campaign of Communal Description of Photographs | Muzeum Warszawy","isPartOf":{"@id":"https:\/\/muzeumwarszawy.pl\/#website"},"primaryImageOfPage":{"@id":"https:\/\/muzeumwarszawy.pl\/en\/a-campaign-of-communal-description-of-photographs\/#primaryimage"},"image":{"@id":"https:\/\/muzeumwarszawy.pl\/en\/a-campaign-of-communal-description-of-photographs\/#primaryimage"},"thumbnailUrl":"https:\/\/muzeumwarszawy.pl\/wp-content\/uploads\/2023\/10\/SPOLECZNE-OPISYWANIE-FOTOGRAFII_AKTUALNOSCI.jpg","datePublished":"2024-03-14T08:56:05+00:00","dateModified":"2024-03-14T08:56:07+00:00","description":"It is the first initiative in Poland in which the public is invited to provide aid in identifying archival photos from the Museum collection.","breadcrumb":{"@id":"https:\/\/muzeumwarszawy.pl\/en\/a-campaign-of-communal-description-of-photographs\/#breadcrumb"},"inLanguage":"en-US","potentialAction":[{"@type":"ReadAction","target":["https:\/\/muzeumwarszawy.pl\/en\/a-campaign-of-communal-description-of-photographs\/"]}]},{"@type":"ImageObject","inLanguage":"en-US","@id":"https:\/\/muzeumwarszawy.pl\/en\/a-campaign-of-communal-description-of-photographs\/#primaryimage","url":"https:\/\/muzeumwarszawy.pl\/wp-content\/uploads\/2023\/10\/SPOLECZNE-OPISYWANIE-FOTOGRAFII_AKTUALNOSCI.jpg","contentUrl":"https:\/\/muzeumwarszawy.pl\/wp-content\/uploads\/2023\/10\/SPOLECZNE-OPISYWANIE-FOTOGRAFII_AKTUALNOSCI.jpg","width":1300,"height":870,"caption":"Identyfikacja wizualna: Joanna B\u0119benek, w tle fragment fotografii Alfreda Funkiewicza, Na \u015blizgawce, luty 1952 r., AN 1502\/F, z kolekcji Muzeum Warszawy."},{"@type":"BreadcrumbList","@id":"https:\/\/muzeumwarszawy.pl\/en\/a-campaign-of-communal-description-of-photographs\/#breadcrumb","itemListElement":[{"@type":"ListItem","position":1,"name":"Home","item":"https:\/\/muzeumwarszawy.pl\/en\/"},{"@type":"ListItem","position":2,"name":"A campaign of Communal Description of Photographs"}]},{"@type":"WebSite","@id":"https:\/\/muzeumwarszawy.pl\/#website","url":"https:\/\/muzeumwarszawy.pl\/","name":"Muzeum Warszawy","description":"Od 80 lat misj\u0105 Muzeum Warszawy jest gromadzenie, przechowywanie, opracowywanie i udost\u0119pnianie zbior\u00f3w zwi\u0105zanych z Warszaw\u0105. Prowadz\u0105c dzia\u0142alno\u015b\u0107 wystawiennicz\u0105, badawcz\u0105, wydawnicz\u0105, edukacyjn\u0105 oraz kulturaln\u0105, muzeum towarzyszy odbiorcom w poznawaniu fenomenu Warszawy.","publisher":{"@id":"https:\/\/muzeumwarszawy.pl\/#organization"},"potentialAction":[{"@type":"SearchAction","target":{"@type":"EntryPoint","urlTemplate":"https:\/\/muzeumwarszawy.pl\/?s={search_term_string}"},"query-input":{"@type":"PropertyValueSpecification","valueRequired":true,"valueName":"search_term_string"}}],"inLanguage":"en-US"},{"@type":"Organization","@id":"https:\/\/muzeumwarszawy.pl\/#organization","name":"Muzeum Warszawy","url":"https:\/\/muzeumwarszawy.pl\/","logo":{"@type":"ImageObject","inLanguage":"en-US","@id":"https:\/\/muzeumwarszawy.pl\/#\/schema\/logo\/image\/","url":"https:\/\/muzeumwarszawy.pl\/wp-content\/uploads\/2019\/09\/mw_logo.png","contentUrl":"https:\/\/muzeumwarszawy.pl\/wp-content\/uploads\/2019\/09\/mw_logo.png","width":900,"height":900,"caption":"Muzeum Warszawy"},"image":{"@id":"https:\/\/muzeumwarszawy.pl\/#\/schema\/logo\/image\/"},"sameAs":["https:\/\/www.facebook.com\/muzeum.warszawy\/","https:\/\/x.com\/muzeumwarszawy","https:\/\/www.instagram.com\/muzeumwarszawy\/","https:\/\/www.youtube.com\/channel\/UCcpFm6UFnUofszAU6bSGEng\/featured","https:\/\/pl.wikipedia.org\/wiki\/Muzeum_Warszawy"]},{"@type":"Person","@id":"https:\/\/muzeumwarszawy.pl\/#\/schema\/person\/dab10ff664ee014cab96a3e0dfc32801","name":"mwadmin","url":"https:\/\/muzeumwarszawy.pl\/en\/author\/mwadmin\/"}]}},"_links":{"self":[{"href":"https:\/\/muzeumwarszawy.pl\/en\/wp-json\/wp\/v2\/posts\/89264","targetHints":{"allow":["GET"]}}],"collection":[{"href":"https:\/\/muzeumwarszawy.pl\/en\/wp-json\/wp\/v2\/posts"}],"about":[{"href":"https:\/\/muzeumwarszawy.pl\/en\/wp-json\/wp\/v2\/types\/post"}],"author":[{"embeddable":true,"href":"https:\/\/muzeumwarszawy.pl\/en\/wp-json\/wp\/v2\/users\/5"}],"replies":[{"embeddable":true,"href":"https:\/\/muzeumwarszawy.pl\/en\/wp-json\/wp\/v2\/comments?post=89264"}],"version-history":[{"count":5,"href":"https:\/\/muzeumwarszawy.pl\/en\/wp-json\/wp\/v2\/posts\/89264\/revisions"}],"predecessor-version":[{"id":89269,"href":"https:\/\/muzeumwarszawy.pl\/en\/wp-json\/wp\/v2\/posts\/89264\/revisions\/89269"}],"wp:featuredmedia":[{"embeddable":true,"href":"https:\/\/muzeumwarszawy.pl\/en\/wp-json\/wp\/v2\/media\/84636"}],"wp:attachment":[{"href":"https:\/\/muzeumwarszawy.pl\/en\/wp-json\/wp\/v2\/media?parent=89264"}],"wp:term":[{"taxonomy":"category","embeddable":true,"href":"https:\/\/muzeumwarszawy.pl\/en\/wp-json\/wp\/v2\/categories?post=89264"},{"taxonomy":"post_tag","embeddable":true,"href":"https:\/\/muzeumwarszawy.pl\/en\/wp-json\/wp\/v2\/tags?post=89264"}],"curies":[{"name":"wp","href":"https:\/\/api.w.org\/{rel}","templated":true}]}}