{"id":89803,"date":"2024-03-26T09:34:10","date_gmt":"2024-03-26T08:34:10","guid":{"rendered":"https:\/\/muzeumwarszawy.pl\/?p=89803"},"modified":"2024-04-04T13:57:20","modified_gmt":"2024-04-04T11:57:20","slug":"framing-the-city-timeless-film-festival-warsaw","status":"publish","type":"post","link":"https:\/\/muzeumwarszawy.pl\/en\/framing-the-city-timeless-film-festival-warsaw\/","title":{"rendered":"Framing the City. Timeless Film Festival Warsaw"},"content":{"rendered":"\n<p>As part of the Timeless Film Festival Warsaw, in the&nbsp;<em>Framing the City<\/em>&nbsp;section, we will show short and full-length films related to Warsaw. We will present feature films from the 1930s and a selection of documentary films, including a set of pre-war archives and short films made by outstanding Polish directors.<\/p>\n\n\n\n<p>Selected screenings will be supplemented by announcements by <strong>Micha\u0142 Pie\u0144kowski<\/strong>, a filmographer from the National Film Archive &#8211; Audiovisual Institute, and some of them will be supplemented with commentary by <strong>B\u0142a\u017cej Brzostek<\/strong> &#8211; historian, researcher of social history and the history of cities.<\/p>\n\n\n\n<p><strong>Free admission.<\/strong>&nbsp;Entrance tickets for all screenings on a given day will be available one hour before the start of the first screening of that day. A maximum of two entrance tickets per screening can be collected.<\/p>\n\n\n\n<p>The screening will be in Polish with English subtitles.<\/p>\n\n\n\n<p><strong>Accessibility:<\/strong>&nbsp;people with mobility disabilities<\/p>\n\n\n\n<figure class=\"wp-block-image size-full\"><img decoding=\"async\" width=\"136\" height=\"59\" src=\"https:\/\/muzeumwarszawy.pl\/wp-content\/uploads\/2023\/04\/ikonki6.png\" alt=\"\" class=\"wp-image-76009\"\/><\/figure>\n\n\n\n<h2 class=\"wp-block-heading\">April 10 (Wednesday)<\/h2>\n\n\n\n<p><a href=\"https:\/\/muzeumwarszawy.pl\/en\/wydarzenia\/documentaries-about-warsaw-portrait-of-the-city-timeless-film-festival-warsaw\/\">April 10 (Wednesday), 17:00<\/a><br>Documentaries About Warsaw: Portrait of the City<\/p>\n\n\n\n<h2 class=\"wp-block-heading\">APRIL 11 (THURSDAY)<\/h2>\n\n\n\n<p><a href=\"https:\/\/muzeumwarszawy.pl\/en\/wydarzenia\/documentaries-about-warsaw-capitals-territories-timeless-film-festival-warsaw\/\">April 11 (Thursday), 15:00<\/a><br>Documentaries About Warsaw: Capital\u2019s Territories<\/p>\n\n\n\n<p><a href=\"https:\/\/muzeumwarszawy.pl\/en\/wydarzenia\/lifes-verdict-everyday-timeless-film-festival-warsaw\/\">April 11 (Thursday), 17:00<\/a><br>Life\u2019s Verdict + Everyday<\/p>\n\n\n\n<p><a href=\"https:\/\/muzeumwarszawy.pl\/en\/wydarzenia\/interwar-warsaw-a-set-of-archival-shorts-timeless-film-festival-warsaw\/\">April 11 (Thursday), 19:00<\/a><br>Interwar Warsaw: A Set of Archival Shorts<\/p>\n\n\n\n<h2 class=\"wp-block-heading\">APRIL 12 (FRIDAY)<\/h2>\n\n\n\n<p><a href=\"https:\/\/muzeumwarszawy.pl\/en\/wydarzenia\/janko-the-musician-in-the-land-of-the-10th-muse-timeless-film-festival-warsaw\/\">April 12 (Friday), 13:00<\/a><br>Janko the Musician + In the Land of the 10th Muse<\/p>\n\n\n\n<p><a href=\"https:\/\/muzeumwarszawy.pl\/en\/wydarzenia\/polish-sketch-timeless-film-festival-warsaw-2\/\">April 12 (Friday), 15:30<\/a><br>Polish Sketch<br>The musical accompaniment will be provided by the violinist Grzegorz Gadziomski.<\/p>\n\n\n\n<p><a href=\"https:\/\/muzeumwarszawy.pl\/en\/wydarzenia\/documentaries-about-warsaw-capitals-territories-timeless-film-festival-warsaw-2\/\">April 12 (Friday), 17:00<\/a><br>Documentaries About Warsaw: Capital\u2019s Territories&nbsp;<\/p>\n\n\n\n<h2 class=\"wp-block-heading\">APRIL 13 (SATURDAY)<\/h2>\n\n\n\n<p><a href=\"https:\/\/muzeumwarszawy.pl\/en\/wydarzenia\/polish-sketch-timeless-film-festival-warsaw\/\">April 13 (Saturday), 14:00<\/a><br>Polish Sketch<br>The musical accompaniment will be provided by the violinist Grzegorz Gadziomski.<\/p>\n\n\n\n<p><a href=\"https:\/\/muzeumwarszawy.pl\/en\/wydarzenia\/interwar-warsaw-a-set-of-archival-shorts-timeless-film-festival-warsaw-2\/\">April 13 (Saturday), 16:00<\/a><br>Interwar Warsaw: A Set of Archival Shorts<\/p>\n\n\n\n<p><a href=\"https:\/\/muzeumwarszawy.pl\/en\/wydarzenia\/lifes-verdict-everyday-timeless-film-festival-warsaw-2\/\">April 13 (Saturday), 18:00<\/a><br>Life\u2019s Verdict + Everyday<\/p>\n\n\n\n<h2 class=\"wp-block-heading\">APRIL 14 (SUNDAY)<\/h2>\n\n\n\n<p><a href=\"https:\/\/muzeumwarszawy.pl\/en\/wydarzenia\/documentaries-about-warsaw-portrait-of-the-city-timeless-film-festival-warsaw-2\/\">April 14 (Sunday), 16:00<\/a><br>Documentaries About Warsaw: Portrait of the City<\/p>\n\n\n\n<p><a href=\"https:\/\/muzeumwarszawy.pl\/en\/wydarzenia\/janko-the-musician-in-the-land-of-the-10th-muse-timeless-film-festival-warsaw-2\/\">April 14 (Sunday), 18:00<\/a><br>Janko the Musician + In the Land of the 10th Muse<\/p>\n\n\n\n<hr class=\"wp-block-separator has-alpha-channel-opacity\"\/>\n\n\n\n<p>More information:&nbsp;<a href=\"https:\/\/timelessfilmfestival.pl\/\">timelessfilmfestival.pl<\/a><\/p>\n\n\n\n<p>Main photo: a frame from the film &#8220;A Walk in the Old City Warsaw&#8221; directed by Andrzej Munk<\/p>\n","protected":false},"excerpt":{"rendered":"<p>As part of the Timeless Film Festival Warsaw, in the&nbsp;Framing the City&nbsp;section, we will show short and full-length films related to Warsaw. We will present feature films from the 1930s and a selection of documentary films, including a set of pre-war archives and short films made by outstanding Polish directors. Selected screenings will be supplemented [&hellip;]<\/p>\n","protected":false},"author":5,"featured_media":77591,"comment_status":"closed","ping_status":"closed","sticky":false,"template":"","format":"standard","meta":{"_acf_changed":false,"footnotes":""},"categories":[203,100,200],"tags":[],"class_list":["post-89803","post","type-post","status-publish","format-standard","has-post-thumbnail","hentry","category-activities","category-aktualnosci-en","category-the-syrena-cinema"],"acf":[],"yoast_head":"<!-- This site is optimized with the Yoast SEO plugin v27.3 - https:\/\/yoast.com\/product\/yoast-seo-wordpress\/ -->\n<title>Framing the City. Timeless Film Festival Warsaw | Muzeum Warszawy<\/title>\n<meta name=\"description\" content=\"As part of the Timeless Film Festival Warsaw, in the\u00a0Framing the City\u00a0section, we will show short and full-length films related to Warsaw.\" \/>\n<meta name=\"robots\" content=\"index, follow, max-snippet:-1, max-image-preview:large, max-video-preview:-1\" \/>\n<link rel=\"canonical\" href=\"https:\/\/muzeumwarszawy.pl\/en\/framing-the-city-timeless-film-festival-warsaw\/\" \/>\n<meta property=\"og:locale\" content=\"en_US\" \/>\n<meta property=\"og:type\" content=\"article\" \/>\n<meta property=\"og:title\" content=\"Framing the City. Timeless Film Festival Warsaw | Muzeum Warszawy\" \/>\n<meta property=\"og:description\" content=\"As part of the Timeless Film Festival Warsaw, in the\u00a0Framing the City\u00a0section, we will show short and full-length films related to Warsaw.\" \/>\n<meta property=\"og:url\" content=\"https:\/\/muzeumwarszawy.pl\/en\/framing-the-city-timeless-film-festival-warsaw\/\" \/>\n<meta property=\"og:site_name\" content=\"Muzeum Warszawy\" \/>\n<meta property=\"article:publisher\" content=\"https:\/\/www.facebook.com\/muzeum.warszawy\/\" \/>\n<meta property=\"article:published_time\" content=\"2024-03-26T08:34:10+00:00\" \/>\n<meta property=\"article:modified_time\" content=\"2024-04-04T11:57:20+00:00\" \/>\n<meta property=\"og:image\" content=\"https:\/\/muzeumwarszawy.pl\/wp-content\/uploads\/2023\/05\/spacerek_staromiejski_06739_gallery.jpg\" \/>\n\t<meta property=\"og:image:width\" content=\"1430\" \/>\n\t<meta property=\"og:image:height\" content=\"1080\" \/>\n\t<meta property=\"og:image:type\" content=\"image\/jpeg\" \/>\n<meta name=\"author\" content=\"mwadmin\" \/>\n<meta name=\"twitter:card\" content=\"summary_large_image\" \/>\n<meta name=\"twitter:creator\" content=\"@muzeumwarszawy\" \/>\n<meta name=\"twitter:site\" content=\"@muzeumwarszawy\" \/>\n<meta name=\"twitter:label1\" content=\"Written by\" \/>\n\t<meta name=\"twitter:data1\" content=\"mwadmin\" \/>\n\t<meta name=\"twitter:label2\" content=\"Est. reading time\" \/>\n\t<meta name=\"twitter:data2\" content=\"3 minutes\" \/>\n<script type=\"application\/ld+json\" class=\"yoast-schema-graph\">{\"@context\":\"https:\\\/\\\/schema.org\",\"@graph\":[{\"@type\":\"Article\",\"@id\":\"https:\\\/\\\/muzeumwarszawy.pl\\\/en\\\/framing-the-city-timeless-film-festival-warsaw\\\/#article\",\"isPartOf\":{\"@id\":\"https:\\\/\\\/muzeumwarszawy.pl\\\/en\\\/framing-the-city-timeless-film-festival-warsaw\\\/\"},\"author\":{\"name\":\"mwadmin\",\"@id\":\"https:\\\/\\\/muzeumwarszawy.pl\\\/#\\\/schema\\\/person\\\/dab10ff664ee014cab96a3e0dfc32801\"},\"headline\":\"Framing the City. Timeless Film Festival Warsaw\",\"datePublished\":\"2024-03-26T08:34:10+00:00\",\"dateModified\":\"2024-04-04T11:57:20+00:00\",\"mainEntityOfPage\":{\"@id\":\"https:\\\/\\\/muzeumwarszawy.pl\\\/en\\\/framing-the-city-timeless-film-festival-warsaw\\\/\"},\"wordCount\":310,\"publisher\":{\"@id\":\"https:\\\/\\\/muzeumwarszawy.pl\\\/#organization\"},\"image\":{\"@id\":\"https:\\\/\\\/muzeumwarszawy.pl\\\/en\\\/framing-the-city-timeless-film-festival-warsaw\\\/#primaryimage\"},\"thumbnailUrl\":\"https:\\\/\\\/muzeumwarszawy.pl\\\/wp-content\\\/uploads\\\/2023\\\/05\\\/spacerek_staromiejski_06739_gallery.jpg\",\"articleSection\":[\"Activities\",\"News\",\"The Syrena Cinema\"],\"inLanguage\":\"en-US\"},{\"@type\":\"WebPage\",\"@id\":\"https:\\\/\\\/muzeumwarszawy.pl\\\/en\\\/framing-the-city-timeless-film-festival-warsaw\\\/\",\"url\":\"https:\\\/\\\/muzeumwarszawy.pl\\\/en\\\/framing-the-city-timeless-film-festival-warsaw\\\/\",\"name\":\"Framing the City. Timeless Film Festival Warsaw | Muzeum Warszawy\",\"isPartOf\":{\"@id\":\"https:\\\/\\\/muzeumwarszawy.pl\\\/#website\"},\"primaryImageOfPage\":{\"@id\":\"https:\\\/\\\/muzeumwarszawy.pl\\\/en\\\/framing-the-city-timeless-film-festival-warsaw\\\/#primaryimage\"},\"image\":{\"@id\":\"https:\\\/\\\/muzeumwarszawy.pl\\\/en\\\/framing-the-city-timeless-film-festival-warsaw\\\/#primaryimage\"},\"thumbnailUrl\":\"https:\\\/\\\/muzeumwarszawy.pl\\\/wp-content\\\/uploads\\\/2023\\\/05\\\/spacerek_staromiejski_06739_gallery.jpg\",\"datePublished\":\"2024-03-26T08:34:10+00:00\",\"dateModified\":\"2024-04-04T11:57:20+00:00\",\"description\":\"As part of the Timeless Film Festival Warsaw, in the\u00a0Framing the City\u00a0section, we will show short and full-length films related to Warsaw.\",\"breadcrumb\":{\"@id\":\"https:\\\/\\\/muzeumwarszawy.pl\\\/en\\\/framing-the-city-timeless-film-festival-warsaw\\\/#breadcrumb\"},\"inLanguage\":\"en-US\",\"potentialAction\":[{\"@type\":\"ReadAction\",\"target\":[\"https:\\\/\\\/muzeumwarszawy.pl\\\/en\\\/framing-the-city-timeless-film-festival-warsaw\\\/\"]}]},{\"@type\":\"ImageObject\",\"inLanguage\":\"en-US\",\"@id\":\"https:\\\/\\\/muzeumwarszawy.pl\\\/en\\\/framing-the-city-timeless-film-festival-warsaw\\\/#primaryimage\",\"url\":\"https:\\\/\\\/muzeumwarszawy.pl\\\/wp-content\\\/uploads\\\/2023\\\/05\\\/spacerek_staromiejski_06739_gallery.jpg\",\"contentUrl\":\"https:\\\/\\\/muzeumwarszawy.pl\\\/wp-content\\\/uploads\\\/2023\\\/05\\\/spacerek_staromiejski_06739_gallery.jpg\",\"width\":1430,\"height\":1080},{\"@type\":\"BreadcrumbList\",\"@id\":\"https:\\\/\\\/muzeumwarszawy.pl\\\/en\\\/framing-the-city-timeless-film-festival-warsaw\\\/#breadcrumb\",\"itemListElement\":[{\"@type\":\"ListItem\",\"position\":1,\"name\":\"Home\",\"item\":\"https:\\\/\\\/muzeumwarszawy.pl\\\/en\\\/\"},{\"@type\":\"ListItem\",\"position\":2,\"name\":\"Framing the City. Timeless Film Festival Warsaw\"}]},{\"@type\":\"WebSite\",\"@id\":\"https:\\\/\\\/muzeumwarszawy.pl\\\/#website\",\"url\":\"https:\\\/\\\/muzeumwarszawy.pl\\\/\",\"name\":\"Muzeum Warszawy\",\"description\":\"Od 80 lat misj\u0105 Muzeum Warszawy jest gromadzenie, przechowywanie, opracowywanie i udost\u0119pnianie zbior\u00f3w zwi\u0105zanych z Warszaw\u0105. Prowadz\u0105c dzia\u0142alno\u015b\u0107 wystawiennicz\u0105, badawcz\u0105, wydawnicz\u0105, edukacyjn\u0105 oraz kulturaln\u0105, muzeum towarzyszy odbiorcom w poznawaniu fenomenu Warszawy.\",\"publisher\":{\"@id\":\"https:\\\/\\\/muzeumwarszawy.pl\\\/#organization\"},\"potentialAction\":[{\"@type\":\"SearchAction\",\"target\":{\"@type\":\"EntryPoint\",\"urlTemplate\":\"https:\\\/\\\/muzeumwarszawy.pl\\\/?s={search_term_string}\"},\"query-input\":{\"@type\":\"PropertyValueSpecification\",\"valueRequired\":true,\"valueName\":\"search_term_string\"}}],\"inLanguage\":\"en-US\"},{\"@type\":\"Organization\",\"@id\":\"https:\\\/\\\/muzeumwarszawy.pl\\\/#organization\",\"name\":\"Muzeum Warszawy\",\"url\":\"https:\\\/\\\/muzeumwarszawy.pl\\\/\",\"logo\":{\"@type\":\"ImageObject\",\"inLanguage\":\"en-US\",\"@id\":\"https:\\\/\\\/muzeumwarszawy.pl\\\/#\\\/schema\\\/logo\\\/image\\\/\",\"url\":\"https:\\\/\\\/muzeumwarszawy.pl\\\/wp-content\\\/uploads\\\/2019\\\/09\\\/mw_logo.png\",\"contentUrl\":\"https:\\\/\\\/muzeumwarszawy.pl\\\/wp-content\\\/uploads\\\/2019\\\/09\\\/mw_logo.png\",\"width\":900,\"height\":900,\"caption\":\"Muzeum Warszawy\"},\"image\":{\"@id\":\"https:\\\/\\\/muzeumwarszawy.pl\\\/#\\\/schema\\\/logo\\\/image\\\/\"},\"sameAs\":[\"https:\\\/\\\/www.facebook.com\\\/muzeum.warszawy\\\/\",\"https:\\\/\\\/x.com\\\/muzeumwarszawy\",\"https:\\\/\\\/www.instagram.com\\\/muzeumwarszawy\\\/\",\"https:\\\/\\\/www.youtube.com\\\/channel\\\/UCcpFm6UFnUofszAU6bSGEng\\\/featured\",\"https:\\\/\\\/pl.wikipedia.org\\\/wiki\\\/Muzeum_Warszawy\"]},{\"@type\":\"Person\",\"@id\":\"https:\\\/\\\/muzeumwarszawy.pl\\\/#\\\/schema\\\/person\\\/dab10ff664ee014cab96a3e0dfc32801\",\"name\":\"mwadmin\",\"url\":\"https:\\\/\\\/muzeumwarszawy.pl\\\/en\\\/author\\\/mwadmin\\\/\"}]}<\/script>\n<!-- \/ Yoast SEO plugin. -->","yoast_head_json":{"title":"Framing the City. Timeless Film Festival Warsaw | Muzeum Warszawy","description":"As part of the Timeless Film Festival Warsaw, in the\u00a0Framing the City\u00a0section, we will show short and full-length films related to Warsaw.","robots":{"index":"index","follow":"follow","max-snippet":"max-snippet:-1","max-image-preview":"max-image-preview:large","max-video-preview":"max-video-preview:-1"},"canonical":"https:\/\/muzeumwarszawy.pl\/en\/framing-the-city-timeless-film-festival-warsaw\/","og_locale":"en_US","og_type":"article","og_title":"Framing the City. Timeless Film Festival Warsaw | Muzeum Warszawy","og_description":"As part of the Timeless Film Festival Warsaw, in the\u00a0Framing the City\u00a0section, we will show short and full-length films related to Warsaw.","og_url":"https:\/\/muzeumwarszawy.pl\/en\/framing-the-city-timeless-film-festival-warsaw\/","og_site_name":"Muzeum Warszawy","article_publisher":"https:\/\/www.facebook.com\/muzeum.warszawy\/","article_published_time":"2024-03-26T08:34:10+00:00","article_modified_time":"2024-04-04T11:57:20+00:00","og_image":[{"width":1430,"height":1080,"url":"https:\/\/muzeumwarszawy.pl\/wp-content\/uploads\/2023\/05\/spacerek_staromiejski_06739_gallery.jpg","type":"image\/jpeg"}],"author":"mwadmin","twitter_card":"summary_large_image","twitter_creator":"@muzeumwarszawy","twitter_site":"@muzeumwarszawy","twitter_misc":{"Written by":"mwadmin","Est. reading time":"3 minutes"},"schema":{"@context":"https:\/\/schema.org","@graph":[{"@type":"Article","@id":"https:\/\/muzeumwarszawy.pl\/en\/framing-the-city-timeless-film-festival-warsaw\/#article","isPartOf":{"@id":"https:\/\/muzeumwarszawy.pl\/en\/framing-the-city-timeless-film-festival-warsaw\/"},"author":{"name":"mwadmin","@id":"https:\/\/muzeumwarszawy.pl\/#\/schema\/person\/dab10ff664ee014cab96a3e0dfc32801"},"headline":"Framing the City. Timeless Film Festival Warsaw","datePublished":"2024-03-26T08:34:10+00:00","dateModified":"2024-04-04T11:57:20+00:00","mainEntityOfPage":{"@id":"https:\/\/muzeumwarszawy.pl\/en\/framing-the-city-timeless-film-festival-warsaw\/"},"wordCount":310,"publisher":{"@id":"https:\/\/muzeumwarszawy.pl\/#organization"},"image":{"@id":"https:\/\/muzeumwarszawy.pl\/en\/framing-the-city-timeless-film-festival-warsaw\/#primaryimage"},"thumbnailUrl":"https:\/\/muzeumwarszawy.pl\/wp-content\/uploads\/2023\/05\/spacerek_staromiejski_06739_gallery.jpg","articleSection":["Activities","News","The Syrena Cinema"],"inLanguage":"en-US"},{"@type":"WebPage","@id":"https:\/\/muzeumwarszawy.pl\/en\/framing-the-city-timeless-film-festival-warsaw\/","url":"https:\/\/muzeumwarszawy.pl\/en\/framing-the-city-timeless-film-festival-warsaw\/","name":"Framing the City. Timeless Film Festival Warsaw | Muzeum Warszawy","isPartOf":{"@id":"https:\/\/muzeumwarszawy.pl\/#website"},"primaryImageOfPage":{"@id":"https:\/\/muzeumwarszawy.pl\/en\/framing-the-city-timeless-film-festival-warsaw\/#primaryimage"},"image":{"@id":"https:\/\/muzeumwarszawy.pl\/en\/framing-the-city-timeless-film-festival-warsaw\/#primaryimage"},"thumbnailUrl":"https:\/\/muzeumwarszawy.pl\/wp-content\/uploads\/2023\/05\/spacerek_staromiejski_06739_gallery.jpg","datePublished":"2024-03-26T08:34:10+00:00","dateModified":"2024-04-04T11:57:20+00:00","description":"As part of the Timeless Film Festival Warsaw, in the\u00a0Framing the City\u00a0section, we will show short and full-length films related to Warsaw.","breadcrumb":{"@id":"https:\/\/muzeumwarszawy.pl\/en\/framing-the-city-timeless-film-festival-warsaw\/#breadcrumb"},"inLanguage":"en-US","potentialAction":[{"@type":"ReadAction","target":["https:\/\/muzeumwarszawy.pl\/en\/framing-the-city-timeless-film-festival-warsaw\/"]}]},{"@type":"ImageObject","inLanguage":"en-US","@id":"https:\/\/muzeumwarszawy.pl\/en\/framing-the-city-timeless-film-festival-warsaw\/#primaryimage","url":"https:\/\/muzeumwarszawy.pl\/wp-content\/uploads\/2023\/05\/spacerek_staromiejski_06739_gallery.jpg","contentUrl":"https:\/\/muzeumwarszawy.pl\/wp-content\/uploads\/2023\/05\/spacerek_staromiejski_06739_gallery.jpg","width":1430,"height":1080},{"@type":"BreadcrumbList","@id":"https:\/\/muzeumwarszawy.pl\/en\/framing-the-city-timeless-film-festival-warsaw\/#breadcrumb","itemListElement":[{"@type":"ListItem","position":1,"name":"Home","item":"https:\/\/muzeumwarszawy.pl\/en\/"},{"@type":"ListItem","position":2,"name":"Framing the City. Timeless Film Festival Warsaw"}]},{"@type":"WebSite","@id":"https:\/\/muzeumwarszawy.pl\/#website","url":"https:\/\/muzeumwarszawy.pl\/","name":"Muzeum Warszawy","description":"Od 80 lat misj\u0105 Muzeum Warszawy jest gromadzenie, przechowywanie, opracowywanie i udost\u0119pnianie zbior\u00f3w zwi\u0105zanych z Warszaw\u0105. Prowadz\u0105c dzia\u0142alno\u015b\u0107 wystawiennicz\u0105, badawcz\u0105, wydawnicz\u0105, edukacyjn\u0105 oraz kulturaln\u0105, muzeum towarzyszy odbiorcom w poznawaniu fenomenu Warszawy.","publisher":{"@id":"https:\/\/muzeumwarszawy.pl\/#organization"},"potentialAction":[{"@type":"SearchAction","target":{"@type":"EntryPoint","urlTemplate":"https:\/\/muzeumwarszawy.pl\/?s={search_term_string}"},"query-input":{"@type":"PropertyValueSpecification","valueRequired":true,"valueName":"search_term_string"}}],"inLanguage":"en-US"},{"@type":"Organization","@id":"https:\/\/muzeumwarszawy.pl\/#organization","name":"Muzeum Warszawy","url":"https:\/\/muzeumwarszawy.pl\/","logo":{"@type":"ImageObject","inLanguage":"en-US","@id":"https:\/\/muzeumwarszawy.pl\/#\/schema\/logo\/image\/","url":"https:\/\/muzeumwarszawy.pl\/wp-content\/uploads\/2019\/09\/mw_logo.png","contentUrl":"https:\/\/muzeumwarszawy.pl\/wp-content\/uploads\/2019\/09\/mw_logo.png","width":900,"height":900,"caption":"Muzeum Warszawy"},"image":{"@id":"https:\/\/muzeumwarszawy.pl\/#\/schema\/logo\/image\/"},"sameAs":["https:\/\/www.facebook.com\/muzeum.warszawy\/","https:\/\/x.com\/muzeumwarszawy","https:\/\/www.instagram.com\/muzeumwarszawy\/","https:\/\/www.youtube.com\/channel\/UCcpFm6UFnUofszAU6bSGEng\/featured","https:\/\/pl.wikipedia.org\/wiki\/Muzeum_Warszawy"]},{"@type":"Person","@id":"https:\/\/muzeumwarszawy.pl\/#\/schema\/person\/dab10ff664ee014cab96a3e0dfc32801","name":"mwadmin","url":"https:\/\/muzeumwarszawy.pl\/en\/author\/mwadmin\/"}]}},"_links":{"self":[{"href":"https:\/\/muzeumwarszawy.pl\/en\/wp-json\/wp\/v2\/posts\/89803","targetHints":{"allow":["GET"]}}],"collection":[{"href":"https:\/\/muzeumwarszawy.pl\/en\/wp-json\/wp\/v2\/posts"}],"about":[{"href":"https:\/\/muzeumwarszawy.pl\/en\/wp-json\/wp\/v2\/types\/post"}],"author":[{"embeddable":true,"href":"https:\/\/muzeumwarszawy.pl\/en\/wp-json\/wp\/v2\/users\/5"}],"replies":[{"embeddable":true,"href":"https:\/\/muzeumwarszawy.pl\/en\/wp-json\/wp\/v2\/comments?post=89803"}],"version-history":[{"count":7,"href":"https:\/\/muzeumwarszawy.pl\/en\/wp-json\/wp\/v2\/posts\/89803\/revisions"}],"predecessor-version":[{"id":90251,"href":"https:\/\/muzeumwarszawy.pl\/en\/wp-json\/wp\/v2\/posts\/89803\/revisions\/90251"}],"wp:featuredmedia":[{"embeddable":true,"href":"https:\/\/muzeumwarszawy.pl\/en\/wp-json\/wp\/v2\/media\/77591"}],"wp:attachment":[{"href":"https:\/\/muzeumwarszawy.pl\/en\/wp-json\/wp\/v2\/media?parent=89803"}],"wp:term":[{"taxonomy":"category","embeddable":true,"href":"https:\/\/muzeumwarszawy.pl\/en\/wp-json\/wp\/v2\/categories?post=89803"},{"taxonomy":"post_tag","embeddable":true,"href":"https:\/\/muzeumwarszawy.pl\/en\/wp-json\/wp\/v2\/tags?post=89803"}],"curies":[{"name":"wp","href":"https:\/\/api.w.org\/{rel}","templated":true}]}}